{"id":52850,"date":"2022-12-12T10:17:17","date_gmt":"2022-12-12T10:17:17","guid":{"rendered":"https:\/\/mention.com\/?p=52850"},"modified":"2023-02-21T14:14:26","modified_gmt":"2023-02-21T14:14:26","slug":"acces-utilisateurs-avec-workspaces","status":"publish","type":"post","link":"https:\/\/mention.com\/fr\/blog\/acces-utilisateurs-avec-workspaces\/","title":{"rendered":"G\u00e9rez les acc\u00e8s de vos utilisateurs avec Workspaces : interview du product manager"},"content":{"rendered":"\n<p>Plusieurs \u00e9quipes sur un seul compte Mention, c\u2019est g\u00e9rable\u202f? C\u2019est la question \u00e0 laquelle nous allons r\u00e9pondre avec Astrid Mancel, Product Manager chez Mention. Sa squad vient de lancer Workspaces, une nouvelle fonctionnalit\u00e9 pour faciliter l\u2019utilisation de Mention pour de nombreux utilisateurs.<\/p>\n\n\n\n<h2 class=\"wp-block-heading\">Bonjour Astrid, peux-tu nous parler de ton poste de PM et de ta squad ?<\/h2>\n\n\n\n<p>Bonjour\u202f! Je suis arriv\u00e9e chez Mention il y a 9 mois en tant que Product Manager pour la squad Users. Workspace a \u00e9t\u00e9 d\u2019embl\u00e9e un des plus gros sujets pour ma squad et moi. Le projet a \u00e9t\u00e9 particuli\u00e8rement challengeant avec de la refonte du code, de la legacy, et la n\u00e9cessit\u00e9 de challenger certaines parties prenantes.<\/p>\n\n\n\n<p>Dans la squad users, on a Pierre-Chanel en lead dev, Eddie et Jean-Daniel en d\u00e9veloppeurs full-stack, et enfin Victoria, Gabriel en d\u00e9veloppeurs front-end. En tout, nous sommes donc 5. Notre mission, c\u2019est de faire en sorte que tout le parcours d\u2019un utilisateur dans Mention soit fluide et sans friction. On interagit sur 80\u2009% de la web app, on a des sujets vraiment tr\u00e8s vari\u00e9s, c\u2019est ce qui fait la richesse de notre squad.<\/p>\n\n\n\n<figure class=\"wp-block-image size-full is-resized\"><img decoding=\"async\" data-src=\"https:\/\/mention.com\/wp-content\/uploads\/2022\/12\/astrid-mancel.jpg\" alt=\"\" class=\"wp-image-52834 lazyload\" width=\"384\" height=\"384\" data-srcset=\"https:\/\/mention.com\/wp-content\/uploads\/2022\/12\/astrid-mancel.jpg 512w, https:\/\/mention.com\/wp-content\/uploads\/2022\/12\/astrid-mancel-300x300.jpg 300w, https:\/\/mention.com\/wp-content\/uploads\/2022\/12\/astrid-mancel-150x150.jpg 150w\" data-sizes=\"(max-width: 384px) 100vw, 384px\" src=\"data:image\/svg+xml;base64,PHN2ZyB3aWR0aD0iMSIgaGVpZ2h0PSIxIiB4bWxucz0iaHR0cDovL3d3dy53My5vcmcvMjAwMC9zdmciPjwvc3ZnPg==\" style=\"--smush-placeholder-width: 384px; --smush-placeholder-aspect-ratio: 384\/384;\" \/><figcaption>Astrid Mancel, Product Manager chez Mention<\/figcaption><\/figure>\n\n\n\n<h2 class=\"wp-block-heading\">Workspace, en une phrase, qu&#8217;est-ce que c&#8217;est ? Et \u00e0 qui \u00e7a s\u2019adresse ?<\/h2>\n\n\n\n<p>De mon point de vue, \u00e7a s\u2019adresse aux entreprises qui g\u00e8rent plusieurs types de clients et de ce fait plus particuli\u00e8rement les agences web. Les entreprises avec de grosses \u00e9quipes marketing\/com divis\u00e9es par sp\u00e9cialit\u00e9 ou par r\u00e9gions peuvent aussi y trouver un int\u00e9r\u00eat.<\/p>\n\n\n\n<p>Workspace permet de cr\u00e9er des espaces diff\u00e9renci\u00e9s \u00e0 l\u2019int\u00e9rieur de l\u2019appli, avec une granularit\u00e9 de r\u00f4les diff\u00e9rents, des partages de contenu et d\u2019informations contr\u00f4l\u00e9s.<\/p>\n\n\n\n<h2 class=\"wp-block-heading\">En quoi workspace va-t-il \u00e9liminer certaines difficult\u00e9s qui \u00e9taient propres \u00e0 cette cible ?<\/h2>\n\n\n\n<p>Jusqu\u2019ici, il n\u2019y avait pas de diff\u00e9renciation et \u00e7a posait un probl\u00e8me \u00e0 certains de nos clients. Supposons qu\u2019une unique agence web travaille pour le compte de deux marques de sports concurrentes. \u00c7a pose imm\u00e9diatement deux sujets sensibles pour l\u2019agence&nbsp; : la confidentialit\u00e9 et la maitrise du budget allou\u00e9 aux campagnes de chacune.<\/p>\n\n\n\n<p>Avec Workspace, sur le compte Mention de toute l\u2019agence, on peut faire en sorte que les chef de projet, account manager, community manager etc qui travaillent pour la marque A, n\u2019ont acc\u00e8s qu\u2019aux informations, mentions et comptes sociaux de la marque A. Rien d\u2019autre. De l\u2019autre c\u00f4t\u00e9, l\u2019\u00e9quipe travaillant que pour la marque B, peut donc se voir attribu\u00e9 un second Workspace avec les insights et contenus de la marque B uniquement. Les deux sont parfaitement herm\u00e9tiques.<\/p>\n\n\n\n<h2 class=\"wp-block-heading\">Et, comment \u00e7a marche ?<\/h2>\n\n\n\n<p>En se rendant dans les param\u00e8tres de leurs comptes, les clients vont pouvoir cr\u00e9er diff\u00e9rents workspaces, y ajouter des utilisateurs et des r\u00e9seaux sociaux, y cr\u00e9er diff\u00e9rents r\u00f4les, des alertes ou encore des reports. Il y a bien s\u00fbr la possibilit\u00e9 de personnaliser cet espace avec un logo et un nom sp\u00e9cifique. C\u2019est un peu comme s\u2019ils se cr\u00e9aient de nouveaux comptes Mention, mais \u00e0 l&#8217;int\u00e9rieur d\u2019un compte unique et avec une plus grande confidentialit\u00e9.<\/p>\n\n\n\n<p>Il faut savoir qu\u2019il est aussi possible de rattacher un utilisateur \u00e0 plusieurs workspaces et lorsque c\u2019est le cas, il peut facilement naviguer entre ses diff\u00e9rents workspaces depuis la barre de navigation.<\/p>\n\n\n\n<h2 class=\"wp-block-heading\">Y a-t-il des limitations ?<\/h2>\n\n\n\n<p>Pas vraiment, disons qu\u2019on a les m\u00eames limitations que sur les plans company et ce sont ceux qui ouvrent la plus grande marge de man\u0153uvre.<\/p>\n\n\n\n<h2 class=\"wp-block-heading\">Qu\u2019est-ce qui rend Workspace de Mention plus int\u00e9ressant que les alternatives des concurrents\u202f?<\/h2>\n\n\n\n<p>On l\u2019a int\u00e9gr\u00e9 dans toutes les features de la web app. Cette notion de granularit\u00e9, on la retrouve aussi bien sur les alertes, que sur <a href=\"https:\/\/en.support.mention.com\/fr\/articles\/4319640-comment-analyser-les-donnees-de-votre-feed\">Reports<\/a>, <a href=\"https:\/\/en.support.mention.com\/fr\/articles\/2455159-publiez-vos-campagnes-dans-les-reseaux-sociaux\">Publish<\/a> et <a href=\"https:\/\/en.support.mention.com\/fr\/articles\/3638160-comment-demarrer-avec-respond\">Respond<\/a>. Chez certains de nos concurrents, c&#8217;est uniquement sur une partie de l\u2019application qu\u2019on peut avoir cette s\u00e9paration.<\/p>\n\n\n\n<figure class=\"wp-block-image size-large\"><a href=\"https:\/\/social.agorapulse.com\/mention-trial\" target=\"_blank\" rel=\"noreferrer noopener\"><img decoding=\"async\" width=\"1024\" height=\"439\" data-src=\"https:\/\/mention.com\/wp-content\/uploads\/2021\/12\/Free-Trial-CTA-1024x439.jpg\" alt=\"Free-Trial-CTA\" class=\"wp-image-45827 lazyload\" data-srcset=\"https:\/\/mention.com\/wp-content\/uploads\/2021\/12\/Free-Trial-CTA-1024x439.jpg 1024w, https:\/\/mention.com\/wp-content\/uploads\/2021\/12\/Free-Trial-CTA-300x129.jpg 300w, https:\/\/mention.com\/wp-content\/uploads\/2021\/12\/Free-Trial-CTA-768x329.jpg 768w, https:\/\/mention.com\/wp-content\/uploads\/2021\/12\/Free-Trial-CTA.jpg 1400w\" data-sizes=\"(max-width: 1024px) 100vw, 1024px\" src=\"data:image\/svg+xml;base64,PHN2ZyB3aWR0aD0iMSIgaGVpZ2h0PSIxIiB4bWxucz0iaHR0cDovL3d3dy53My5vcmcvMjAwMC9zdmciPjwvc3ZnPg==\" style=\"--smush-placeholder-width: 1024px; --smush-placeholder-aspect-ratio: 1024\/439;\" \/><\/a><\/figure>\n","protected":false},"excerpt":{"rendered":"<p>Plusieurs \u00e9quipes sur un seul compte Mention, c\u2019est g\u00e9rable\u202f? C\u2019est la question \u00e0 laquelle nous allons r\u00e9pondre avec Astrid Mancel, Product Manager chez Mention. Sa squad vient de lancer Workspaces, une nouvelle fonctionnalit\u00e9 pour faciliter l\u2019utilisation de Mention pour de nombreux utilisateurs. Bonjour Astrid, peux-tu nous parler de ton poste de PM et de ta &hellip; <a href=\"https:\/\/mention.com\/fr\/blog\/acces-utilisateurs-avec-workspaces\/\" class=\"more-link\">Continue reading <span class=\"screen-reader-text\">G\u00e9rez les acc\u00e8s de vos utilisateurs avec Workspaces : interview du product manager<\/span><\/a><\/p>\n","protected":false},"author":388,"featured_media":46555,"comment_status":"closed","ping_status":"closed","sticky":false,"template":"","format":"standard","meta":{"_acf_changed":false,"inline_featured_image":false,"footnotes":""},"categories":[631],"tags":[],"class_list":["post-52850","post","type-post","status-publish","format-standard","has-post-thumbnail","hentry","category-actualites"],"acf":[],"yoast_head":"<!-- This site is optimized with the Yoast SEO plugin v27.5 - https:\/\/yoast.com\/product\/yoast-seo-wordpress\/ -->\n<title>G\u00e9rez les acc\u00e8s de vos utilisateurs avec Workspaces | Mention<\/title>\n<meta name=\"description\" content=\"Astrid Mancel, Product Manager, partage son point de vue sur la mani\u00e8re de g\u00e9rer efficacement l&#039;acc\u00e8s des utilisateurs gr\u00e2ce aux workspaces.\" \/>\n<meta name=\"robots\" content=\"index, follow, max-snippet:-1, max-image-preview:large, max-video-preview:-1\" \/>\n<link rel=\"canonical\" href=\"https:\/\/mention.com\/fr\/blog\/acces-utilisateurs-avec-workspaces\/\" \/>\n<meta property=\"og:locale\" content=\"fr_FR\" \/>\n<meta property=\"og:type\" content=\"article\" \/>\n<meta property=\"og:title\" content=\"G\u00e9rez les acc\u00e8s de vos utilisateurs avec Workspaces | Mention\" \/>\n<meta property=\"og:description\" content=\"Astrid Mancel, Product Manager, partage son point de vue sur la mani\u00e8re de g\u00e9rer efficacement l&#039;acc\u00e8s des utilisateurs gr\u00e2ce aux workspaces.\" \/>\n<meta property=\"og:url\" content=\"https:\/\/mention.com\/fr\/blog\/acces-utilisateurs-avec-workspaces\/\" \/>\n<meta property=\"og:site_name\" content=\"Mention\" \/>\n<meta property=\"article:published_time\" content=\"2022-12-12T10:17:17+00:00\" \/>\n<meta property=\"article:modified_time\" content=\"2023-02-21T14:14:26+00:00\" \/>\n<meta property=\"og:image\" content=\"https:\/\/mention.com\/wp-content\/uploads\/2022\/01\/Header.jpg\" \/>\n\t<meta property=\"og:image:width\" content=\"700\" \/>\n\t<meta property=\"og:image:height\" content=\"467\" \/>\n\t<meta property=\"og:image:type\" content=\"image\/jpeg\" \/>\n<meta name=\"author\" content=\"Ra\u00efssa Sidio\" \/>\n<meta name=\"twitter:card\" content=\"summary_large_image\" \/>\n<meta name=\"twitter:label1\" content=\"Written by\" \/>\n\t<meta name=\"twitter:data1\" content=\"Ra\u00efssa Sidio\" \/>\n\t<meta name=\"twitter:label2\" content=\"Est. reading time\" \/>\n\t<meta name=\"twitter:data2\" content=\"4 minutes\" \/>\n<script type=\"application\/ld+json\" class=\"yoast-schema-graph\">{\"@context\":\"https:\\\/\\\/schema.org\",\"@graph\":[{\"@type\":\"Article\",\"@id\":\"https:\\\/\\\/mention.com\\\/fr\\\/blog\\\/acces-utilisateurs-avec-workspaces\\\/#article\",\"isPartOf\":{\"@id\":\"https:\\\/\\\/mention.com\\\/fr\\\/blog\\\/acces-utilisateurs-avec-workspaces\\\/\"},\"author\":{\"name\":\"Ra\u00efssa Sidio\",\"@id\":\"https:\\\/\\\/mention.com\\\/en\\\/#\\\/schema\\\/person\\\/aa1fb03201ab126536f0783cdeac0a9c\"},\"headline\":\"G\u00e9rez les acc\u00e8s de vos utilisateurs avec Workspaces : interview du product manager\",\"datePublished\":\"2022-12-12T10:17:17+00:00\",\"dateModified\":\"2023-02-21T14:14:26+00:00\",\"mainEntityOfPage\":{\"@id\":\"https:\\\/\\\/mention.com\\\/fr\\\/blog\\\/acces-utilisateurs-avec-workspaces\\\/\"},\"wordCount\":703,\"publisher\":{\"@id\":\"https:\\\/\\\/mention.com\\\/en\\\/#organization\"},\"image\":{\"@id\":\"https:\\\/\\\/mention.com\\\/fr\\\/blog\\\/acces-utilisateurs-avec-workspaces\\\/#primaryimage\"},\"thumbnailUrl\":\"https:\\\/\\\/mention.com\\\/wp-content\\\/uploads\\\/2022\\\/01\\\/Header.jpg\",\"articleSection\":[\"Actualit\u00e9s de Mention\"],\"inLanguage\":\"fr\"},{\"@type\":\"WebPage\",\"@id\":\"https:\\\/\\\/mention.com\\\/fr\\\/blog\\\/acces-utilisateurs-avec-workspaces\\\/\",\"url\":\"https:\\\/\\\/mention.com\\\/fr\\\/blog\\\/acces-utilisateurs-avec-workspaces\\\/\",\"name\":\"G\u00e9rez les acc\u00e8s de vos utilisateurs avec Workspaces | Mention\",\"isPartOf\":{\"@id\":\"https:\\\/\\\/mention.com\\\/en\\\/#website\"},\"primaryImageOfPage\":{\"@id\":\"https:\\\/\\\/mention.com\\\/fr\\\/blog\\\/acces-utilisateurs-avec-workspaces\\\/#primaryimage\"},\"image\":{\"@id\":\"https:\\\/\\\/mention.com\\\/fr\\\/blog\\\/acces-utilisateurs-avec-workspaces\\\/#primaryimage\"},\"thumbnailUrl\":\"https:\\\/\\\/mention.com\\\/wp-content\\\/uploads\\\/2022\\\/01\\\/Header.jpg\",\"datePublished\":\"2022-12-12T10:17:17+00:00\",\"dateModified\":\"2023-02-21T14:14:26+00:00\",\"description\":\"Astrid Mancel, Product Manager, partage son point de vue sur la mani\u00e8re de g\u00e9rer efficacement l'acc\u00e8s des utilisateurs gr\u00e2ce aux workspaces.\",\"breadcrumb\":{\"@id\":\"https:\\\/\\\/mention.com\\\/fr\\\/blog\\\/acces-utilisateurs-avec-workspaces\\\/#breadcrumb\"},\"inLanguage\":\"fr\",\"potentialAction\":[{\"@type\":\"ReadAction\",\"target\":[\"https:\\\/\\\/mention.com\\\/fr\\\/blog\\\/acces-utilisateurs-avec-workspaces\\\/\"]}]},{\"@type\":\"ImageObject\",\"inLanguage\":\"fr\",\"@id\":\"https:\\\/\\\/mention.com\\\/fr\\\/blog\\\/acces-utilisateurs-avec-workspaces\\\/#primaryimage\",\"url\":\"https:\\\/\\\/mention.com\\\/wp-content\\\/uploads\\\/2022\\\/01\\\/Header.jpg\",\"contentUrl\":\"https:\\\/\\\/mention.com\\\/wp-content\\\/uploads\\\/2022\\\/01\\\/Header.jpg\",\"width\":700,\"height\":467,\"caption\":\"Introducing Mention Dashboard: Your Analytics Hub\"},{\"@type\":\"BreadcrumbList\",\"@id\":\"https:\\\/\\\/mention.com\\\/fr\\\/blog\\\/acces-utilisateurs-avec-workspaces\\\/#breadcrumb\",\"itemListElement\":[{\"@type\":\"ListItem\",\"position\":1,\"name\":\"Home\",\"item\":\"https:\\\/\\\/mention.com\\\/fr\\\/\"},{\"@type\":\"ListItem\",\"position\":2,\"name\":\"Mention News\",\"item\":\"https:\\\/\\\/mention.com\\\/en\\\/blog\\\/category\\\/news\\\/\"},{\"@type\":\"ListItem\",\"position\":3,\"name\":\"G\u00e9rez les acc\u00e8s de vos utilisateurs avec Workspaces : interview du product manager\"}]},{\"@type\":\"WebSite\",\"@id\":\"https:\\\/\\\/mention.com\\\/en\\\/#website\",\"url\":\"https:\\\/\\\/mention.com\\\/en\\\/\",\"name\":\"Mention\",\"description\":\"Veille en ligne\",\"publisher\":{\"@id\":\"https:\\\/\\\/mention.com\\\/en\\\/#organization\"},\"potentialAction\":[{\"@type\":\"SearchAction\",\"target\":{\"@type\":\"EntryPoint\",\"urlTemplate\":\"https:\\\/\\\/mention.com\\\/en\\\/?s={search_term_string}\"},\"query-input\":{\"@type\":\"PropertyValueSpecification\",\"valueRequired\":true,\"valueName\":\"search_term_string\"}}],\"inLanguage\":\"fr\"},{\"@type\":\"Organization\",\"@id\":\"https:\\\/\\\/mention.com\\\/en\\\/#organization\",\"name\":\"Mention\",\"url\":\"https:\\\/\\\/mention.com\\\/en\\\/\",\"logo\":{\"@type\":\"ImageObject\",\"inLanguage\":\"fr\",\"@id\":\"https:\\\/\\\/mention.com\\\/en\\\/#\\\/schema\\\/logo\\\/image\\\/\",\"url\":\"https:\\\/\\\/mention.com\\\/wp-content\\\/uploads\\\/2019\\\/04\\\/mention-about.png\",\"contentUrl\":\"https:\\\/\\\/mention.com\\\/wp-content\\\/uploads\\\/2019\\\/04\\\/mention-about.png\",\"width\":328,\"height\":76,\"caption\":\"Mention\"},\"image\":{\"@id\":\"https:\\\/\\\/mention.com\\\/en\\\/#\\\/schema\\\/logo\\\/image\\\/\"}},{\"@type\":\"Person\",\"@id\":\"https:\\\/\\\/mention.com\\\/en\\\/#\\\/schema\\\/person\\\/aa1fb03201ab126536f0783cdeac0a9c\",\"name\":\"Ra\u00efssa Sidio\",\"image\":{\"@type\":\"ImageObject\",\"inLanguage\":\"fr\",\"@id\":\"https:\\\/\\\/mention.com\\\/wp-content\\\/uploads\\\/2022\\\/12\\\/raissa-sidio-150x150.jpg\",\"url\":\"https:\\\/\\\/mention.com\\\/wp-content\\\/uploads\\\/2022\\\/12\\\/raissa-sidio-150x150.jpg\",\"contentUrl\":\"https:\\\/\\\/mention.com\\\/wp-content\\\/uploads\\\/2022\\\/12\\\/raissa-sidio-150x150.jpg\",\"caption\":\"Ra\u00efssa Sidio\"},\"description\":\"Ra\u00efssa is a Product Marketing Manager at Mention, enabling her to combine her passion for marketing with her love of digital. When she's not exploring new ways to bring products to market, she enjoys indulging in her favorite treats like chocolate, travel, and asian food, as well as watching her favorite sports.\",\"sameAs\":[\"https:\\\/\\\/mention.com\\\/en\\\/\"],\"url\":\"https:\\\/\\\/mention.com\\\/fr\\\/blog\\\/author\\\/raissa\\\/\"}]}<\/script>\n<!-- \/ Yoast SEO plugin. -->","yoast_head_json":{"title":"G\u00e9rez les acc\u00e8s de vos utilisateurs avec Workspaces | Mention","description":"Astrid Mancel, Product Manager, partage son point de vue sur la mani\u00e8re de g\u00e9rer efficacement l'acc\u00e8s des utilisateurs gr\u00e2ce aux workspaces.","robots":{"index":"index","follow":"follow","max-snippet":"max-snippet:-1","max-image-preview":"max-image-preview:large","max-video-preview":"max-video-preview:-1"},"canonical":"https:\/\/mention.com\/fr\/blog\/acces-utilisateurs-avec-workspaces\/","og_locale":"fr_FR","og_type":"article","og_title":"G\u00e9rez les acc\u00e8s de vos utilisateurs avec Workspaces | Mention","og_description":"Astrid Mancel, Product Manager, partage son point de vue sur la mani\u00e8re de g\u00e9rer efficacement l'acc\u00e8s des utilisateurs gr\u00e2ce aux workspaces.","og_url":"https:\/\/mention.com\/fr\/blog\/acces-utilisateurs-avec-workspaces\/","og_site_name":"Mention","article_published_time":"2022-12-12T10:17:17+00:00","article_modified_time":"2023-02-21T14:14:26+00:00","og_image":[{"width":700,"height":467,"url":"https:\/\/mention.com\/wp-content\/uploads\/2022\/01\/Header.jpg","type":"image\/jpeg"}],"author":"Ra\u00efssa Sidio","twitter_card":"summary_large_image","twitter_misc":{"Written by":"Ra\u00efssa Sidio","Est. reading time":"4 minutes"},"schema":{"@context":"https:\/\/schema.org","@graph":[{"@type":"Article","@id":"https:\/\/mention.com\/fr\/blog\/acces-utilisateurs-avec-workspaces\/#article","isPartOf":{"@id":"https:\/\/mention.com\/fr\/blog\/acces-utilisateurs-avec-workspaces\/"},"author":{"name":"Ra\u00efssa Sidio","@id":"https:\/\/mention.com\/en\/#\/schema\/person\/aa1fb03201ab126536f0783cdeac0a9c"},"headline":"G\u00e9rez les acc\u00e8s de vos utilisateurs avec Workspaces : interview du product manager","datePublished":"2022-12-12T10:17:17+00:00","dateModified":"2023-02-21T14:14:26+00:00","mainEntityOfPage":{"@id":"https:\/\/mention.com\/fr\/blog\/acces-utilisateurs-avec-workspaces\/"},"wordCount":703,"publisher":{"@id":"https:\/\/mention.com\/en\/#organization"},"image":{"@id":"https:\/\/mention.com\/fr\/blog\/acces-utilisateurs-avec-workspaces\/#primaryimage"},"thumbnailUrl":"https:\/\/mention.com\/wp-content\/uploads\/2022\/01\/Header.jpg","articleSection":["Actualit\u00e9s de Mention"],"inLanguage":"fr"},{"@type":"WebPage","@id":"https:\/\/mention.com\/fr\/blog\/acces-utilisateurs-avec-workspaces\/","url":"https:\/\/mention.com\/fr\/blog\/acces-utilisateurs-avec-workspaces\/","name":"G\u00e9rez les acc\u00e8s de vos utilisateurs avec Workspaces | Mention","isPartOf":{"@id":"https:\/\/mention.com\/en\/#website"},"primaryImageOfPage":{"@id":"https:\/\/mention.com\/fr\/blog\/acces-utilisateurs-avec-workspaces\/#primaryimage"},"image":{"@id":"https:\/\/mention.com\/fr\/blog\/acces-utilisateurs-avec-workspaces\/#primaryimage"},"thumbnailUrl":"https:\/\/mention.com\/wp-content\/uploads\/2022\/01\/Header.jpg","datePublished":"2022-12-12T10:17:17+00:00","dateModified":"2023-02-21T14:14:26+00:00","description":"Astrid Mancel, Product Manager, partage son point de vue sur la mani\u00e8re de g\u00e9rer efficacement l'acc\u00e8s des utilisateurs gr\u00e2ce aux workspaces.","breadcrumb":{"@id":"https:\/\/mention.com\/fr\/blog\/acces-utilisateurs-avec-workspaces\/#breadcrumb"},"inLanguage":"fr","potentialAction":[{"@type":"ReadAction","target":["https:\/\/mention.com\/fr\/blog\/acces-utilisateurs-avec-workspaces\/"]}]},{"@type":"ImageObject","inLanguage":"fr","@id":"https:\/\/mention.com\/fr\/blog\/acces-utilisateurs-avec-workspaces\/#primaryimage","url":"https:\/\/mention.com\/wp-content\/uploads\/2022\/01\/Header.jpg","contentUrl":"https:\/\/mention.com\/wp-content\/uploads\/2022\/01\/Header.jpg","width":700,"height":467,"caption":"Introducing Mention Dashboard: Your Analytics Hub"},{"@type":"BreadcrumbList","@id":"https:\/\/mention.com\/fr\/blog\/acces-utilisateurs-avec-workspaces\/#breadcrumb","itemListElement":[{"@type":"ListItem","position":1,"name":"Home","item":"https:\/\/mention.com\/fr\/"},{"@type":"ListItem","position":2,"name":"Mention News","item":"https:\/\/mention.com\/en\/blog\/category\/news\/"},{"@type":"ListItem","position":3,"name":"G\u00e9rez les acc\u00e8s de vos utilisateurs avec Workspaces : interview du product manager"}]},{"@type":"WebSite","@id":"https:\/\/mention.com\/en\/#website","url":"https:\/\/mention.com\/en\/","name":"Mention","description":"Veille en ligne","publisher":{"@id":"https:\/\/mention.com\/en\/#organization"},"potentialAction":[{"@type":"SearchAction","target":{"@type":"EntryPoint","urlTemplate":"https:\/\/mention.com\/en\/?s={search_term_string}"},"query-input":{"@type":"PropertyValueSpecification","valueRequired":true,"valueName":"search_term_string"}}],"inLanguage":"fr"},{"@type":"Organization","@id":"https:\/\/mention.com\/en\/#organization","name":"Mention","url":"https:\/\/mention.com\/en\/","logo":{"@type":"ImageObject","inLanguage":"fr","@id":"https:\/\/mention.com\/en\/#\/schema\/logo\/image\/","url":"https:\/\/mention.com\/wp-content\/uploads\/2019\/04\/mention-about.png","contentUrl":"https:\/\/mention.com\/wp-content\/uploads\/2019\/04\/mention-about.png","width":328,"height":76,"caption":"Mention"},"image":{"@id":"https:\/\/mention.com\/en\/#\/schema\/logo\/image\/"}},{"@type":"Person","@id":"https:\/\/mention.com\/en\/#\/schema\/person\/aa1fb03201ab126536f0783cdeac0a9c","name":"Ra\u00efssa Sidio","image":{"@type":"ImageObject","inLanguage":"fr","@id":"https:\/\/mention.com\/wp-content\/uploads\/2022\/12\/raissa-sidio-150x150.jpg","url":"https:\/\/mention.com\/wp-content\/uploads\/2022\/12\/raissa-sidio-150x150.jpg","contentUrl":"https:\/\/mention.com\/wp-content\/uploads\/2022\/12\/raissa-sidio-150x150.jpg","caption":"Ra\u00efssa Sidio"},"description":"Ra\u00efssa is a Product Marketing Manager at Mention, enabling her to combine her passion for marketing with her love of digital. When she's not exploring new ways to bring products to market, she enjoys indulging in her favorite treats like chocolate, travel, and asian food, as well as watching her favorite sports.","sameAs":["https:\/\/mention.com\/en\/"],"url":"https:\/\/mention.com\/fr\/blog\/author\/raissa\/"}]}},"_links":{"self":[{"href":"https:\/\/mention.com\/fr\/wp-json\/wp\/v2\/posts\/52850","targetHints":{"allow":["GET"]}}],"collection":[{"href":"https:\/\/mention.com\/fr\/wp-json\/wp\/v2\/posts"}],"about":[{"href":"https:\/\/mention.com\/fr\/wp-json\/wp\/v2\/types\/post"}],"author":[{"embeddable":true,"href":"https:\/\/mention.com\/fr\/wp-json\/wp\/v2\/users\/388"}],"replies":[{"embeddable":true,"href":"https:\/\/mention.com\/fr\/wp-json\/wp\/v2\/comments?post=52850"}],"version-history":[{"count":0,"href":"https:\/\/mention.com\/fr\/wp-json\/wp\/v2\/posts\/52850\/revisions"}],"wp:featuredmedia":[{"embeddable":true,"href":"https:\/\/mention.com\/fr\/wp-json\/wp\/v2\/media\/46555"}],"wp:attachment":[{"href":"https:\/\/mention.com\/fr\/wp-json\/wp\/v2\/media?parent=52850"}],"wp:term":[{"taxonomy":"category","embeddable":true,"href":"https:\/\/mention.com\/fr\/wp-json\/wp\/v2\/categories?post=52850"},{"taxonomy":"post_tag","embeddable":true,"href":"https:\/\/mention.com\/fr\/wp-json\/wp\/v2\/tags?post=52850"}],"curies":[{"name":"wp","href":"https:\/\/api.w.org\/{rel}","templated":true}]}}