{"id":53547,"date":"2023-01-09T11:29:53","date_gmt":"2023-01-09T11:29:53","guid":{"rendered":"https:\/\/mention.com\/?p=53547"},"modified":"2023-02-21T14:14:20","modified_gmt":"2023-02-21T14:14:20","slug":"monitorez-les-pages-linkedin-avec-mention","status":"publish","type":"post","link":"https:\/\/mention.com\/fr\/blog\/monitorez-les-pages-linkedin-avec-mention\/","title":{"rendered":"Monitorez les pages LinkedIn avec Mention : interview du Product Manager"},"content":{"rendered":"\n<p>LinkedIn est un des r\u00e9seaux les plus complexes, mais \u00e9galement l\u2019un des plus sollicit\u00e9s par les clients de Mention, nombreux \u00e0 op\u00e9rer en B2B. D\u00e9couvrons avec Maxime, Product Manager, comment Mention permet d\u00e9sormais d\u2019obtenir des insights du r\u00e9seau aux 850 millions de professionnels abonn\u00e9s.<\/p>\n\n\n\n<figure class=\"wp-block-image size-full is-resized\"><img decoding=\"async\" data-src=\"https:\/\/mention.com\/wp-content\/uploads\/2023\/01\/maxime-van-frank-headshot-1.jpg\" alt=\"\" class=\"wp-image-53548 lazyload\" width=\"374\" height=\"352\" data-srcset=\"https:\/\/mention.com\/wp-content\/uploads\/2023\/01\/maxime-van-frank-headshot-1.jpg 748w, https:\/\/mention.com\/wp-content\/uploads\/2023\/01\/maxime-van-frank-headshot-1-300x282.jpg 300w\" data-sizes=\"(max-width: 374px) 100vw, 374px\" src=\"data:image\/svg+xml;base64,PHN2ZyB3aWR0aD0iMSIgaGVpZ2h0PSIxIiB4bWxucz0iaHR0cDovL3d3dy53My5vcmcvMjAwMC9zdmciPjwvc3ZnPg==\" style=\"--smush-placeholder-width: 374px; --smush-placeholder-aspect-ratio: 374\/352;\" \/><figcaption class=\"wp-element-caption\">Maxime van Frank, Product Manager<\/figcaption><\/figure>\n\n\n\n<h2 class=\"wp-block-heading\">Bonjour Maxime, peux-tu nous parler de ton poste de PM et de ta squad ?<\/h2>\n\n\n\n<p>Bonjour\u202f! Je suis arriv\u00e9 chez Mention en mars 2021, il y a donc \u00e0 peu pr\u00e8s deux ans. Je suis dans la squad monitor, on a un lead dev et 4 d\u00e9veloppeurs full stack, on est 6 en ce moment en me comptant. On se concentre sur le c\u0153ur de m\u00e9tier de Mention&nbsp;: la r\u00e9cup\u00e9ration, le traitement de donn\u00e9es et l\u2019int\u00e9gration de ces donn\u00e9es dans les diff\u00e9rentes alertes de nos clients.<\/p>\n\n\n\n<h2 class=\"wp-block-heading\">Le monitoring des pages business LinkedIn, en une phrase, c\u2019est quoi ? Et \u00e0 qui \u00e7a s\u2019adresse ?<\/h2>\n\n\n\n<p>On s&#8217;adresse clairement aux entreprises en B2B. On cible plus particuli\u00e8rement les entreprises souhaitant monitorer les communications de leurs filiales, de leurs franchises ou encore de leurs concurrents. Dans le 1e cas d\u2019usage, elles peuvent s\u2019assurer que les filiales s\u2019inscrivent bien dans la strat\u00e9gie de communication d\u00e9finie par le si\u00e8ge par exemple. Dans le cas du monitoring des concurrents, \u00e7a leur permet de comparer leurs actions de communication \u00e0 celles de la concurrence.<\/p>\n\n\n\n<h2 class=\"wp-block-heading\">En quoi les LMP vont-elles \u00e9liminer certaines difficult\u00e9s qui \u00e9taient propres \u00e0 cette cible ?<\/h2>\n\n\n\n<p>Eh bien, jusqu\u2019\u00e0 maintenant, on ne r\u00e9cup\u00e9rait aucune information de Linkedin. On agr\u00e9geait pour nos clients des informations disponibles en ligne et accessibles \u00e0 tous les publics&nbsp;: presse, blogs, forums, etc. Il nous manquait les canaux de communication \u00e0 destination des professionnels uniquement par lesquels on r\u00e9cup\u00e8re des infos diff\u00e9rentes.<\/p>\n\n\n\n<p>LinkedIn est \u00e0 la fois un des r\u00e9seaux les plus complexes et les plus attendus de nos utilisateurs. Notre enjeu a \u00e9t\u00e9 de cibler les informations qu\u2019on veut r\u00e9cup\u00e9rer pour nos clients tout en respectant les guidelines tr\u00e8s particuli\u00e8res de LinkedIn.<\/p>\n\n\n\n<h2 class=\"wp-block-heading\">Et, comment \u00e7a marche ?<\/h2>\n\n\n\n<p>Au moment de la cr\u00e9ation d\u2019une alerte, ou m\u00eame en \u00e9ditant une alerte existante, les utilisateurs sont invit\u00e9s \u00e0 lister les diff\u00e9rentes pages entreprises LinkedIn pour lesquelles ils veulent \u00eatre inform\u00e9s. Pour chacune de ces pages, on va v\u00e9rifier \u00e0 intervalles r\u00e9guliers &#8211; plusieurs fois par jour d\u2019ailleurs &#8211; si de nouveaux posts ont \u00e9t\u00e9 publi\u00e9s. On va alors les r\u00e9cup\u00e9rer et les afficher dans leur fil d\u2019actualit\u00e9 Mention. Sur la vue d\u00e9taill\u00e9e, ils ont un lien vers le post et peuvent aller le voir dans l\u2019application native s\u2019ils le souhaitent. Pour une vision d\u2019ensemble, les utilisateurs peuvent ensuite g\u00e9n\u00e9rer un rapport en filtrant sur la source LinkedIn.<\/p>\n\n\n\n<h2 class=\"wp-block-heading\">Y a-t-il des limitations ?<\/h2>\n\n\n\n<p>Dans un premier temps, on ne r\u00e9cup\u00e8re que le contenu des posts des pages entreprises LinkedIn, c&#8217;est-\u00e0-dire le texte, le m\u00e9dia associ\u00e9 ou encore le sondage. En revanche, on ne r\u00e9cup\u00e8re pas encore les commentaires, c\u2019est quelque chose qui sera peut-\u00eatre ajout\u00e9 par la suite. Par ailleurs, pour l\u2019instant, on ne s\u2019int\u00e9resse \u00e9galement qu\u2019aux pages entreprises, on verra selon les besoins si on peut aussi s\u2019\u00e9tendre sur les groupes publics et les profils ouverts. On ne fera jamais, pour des raisons \u00e9videntes, des groupes priv\u00e9s et secrets.<\/p>\n\n\n\n<h2 class=\"wp-block-heading\">Quelles sont les autres pages que l\u2019on peut monitorer avec Mention ?<\/h2>\n\n\n\n<p>C\u00f4t\u00e9 r\u00e9seaux sociaux, on peut monitorer n\u2019importe quelle page Facebook pro, Instagram pro ainsi que les comptes Twitter. On peut m\u00eame monitorer Reddit, on crawle les reddits et subreddits publics. Autrement, il est aussi possible de monitorer les sites de notation\/ \u00e9valuation et de recevoir une alerte pour chaque nouvelle \u00e9valuation soumise sur un de ces sites.<\/p>\n\n\n\n<figure class=\"wp-block-image size-large\"><img decoding=\"async\" width=\"1024\" height=\"441\" data-src=\"https:\/\/mention.com\/wp-content\/uploads\/2023\/01\/start-your-free-trial-1024x441.jpg\" alt=\"\" class=\"wp-image-53535 lazyload\" data-srcset=\"https:\/\/mention.com\/wp-content\/uploads\/2023\/01\/start-your-free-trial-1024x441.jpg 1024w, https:\/\/mention.com\/wp-content\/uploads\/2023\/01\/start-your-free-trial-300x129.jpg 300w, https:\/\/mention.com\/wp-content\/uploads\/2023\/01\/start-your-free-trial-768x330.jpg 768w, https:\/\/mention.com\/wp-content\/uploads\/2023\/01\/start-your-free-trial.jpg 1334w\" data-sizes=\"(max-width: 1024px) 100vw, 1024px\" src=\"data:image\/svg+xml;base64,PHN2ZyB3aWR0aD0iMSIgaGVpZ2h0PSIxIiB4bWxucz0iaHR0cDovL3d3dy53My5vcmcvMjAwMC9zdmciPjwvc3ZnPg==\" style=\"--smush-placeholder-width: 1024px; --smush-placeholder-aspect-ratio: 1024\/441;\" \/><\/figure>\n","protected":false},"excerpt":{"rendered":"<p>LinkedIn est un des r\u00e9seaux les plus complexes, mais \u00e9galement l\u2019un des plus sollicit\u00e9s par les clients de Mention, nombreux \u00e0 op\u00e9rer en B2B. D\u00e9couvrons avec Maxime, Product Manager, comment Mention permet d\u00e9sormais d\u2019obtenir des insights du r\u00e9seau aux 850 millions de professionnels abonn\u00e9s. Bonjour Maxime, peux-tu nous parler de ton poste de PM et &hellip; <a href=\"https:\/\/mention.com\/fr\/blog\/monitorez-les-pages-linkedin-avec-mention\/\" class=\"more-link\">Continue reading <span class=\"screen-reader-text\">Monitorez les pages LinkedIn avec Mention : interview du Product Manager<\/span><\/a><\/p>\n","protected":false},"author":388,"featured_media":46555,"comment_status":"closed","ping_status":"closed","sticky":false,"template":"","format":"standard","meta":{"_acf_changed":false,"inline_featured_image":false,"footnotes":""},"categories":[631],"tags":[],"class_list":["post-53547","post","type-post","status-publish","format-standard","has-post-thumbnail","hentry","category-actualites"],"acf":[],"yoast_head":"<!-- This site is optimized with the Yoast SEO plugin v27.5 - https:\/\/yoast.com\/product\/yoast-seo-wordpress\/ -->\n<title>Monitorez les pages LinkedIn avec Mention<\/title>\n<meta name=\"description\" content=\"Maxime van Frank, Product Manager chez Mention, nous partage ses conseils pour monitorer les pages LinkedIn avec Mention.\" \/>\n<meta name=\"robots\" content=\"index, follow, max-snippet:-1, max-image-preview:large, max-video-preview:-1\" \/>\n<link rel=\"canonical\" href=\"https:\/\/mention.com\/fr\/blog\/monitorez-les-pages-linkedin-avec-mention\/\" \/>\n<meta property=\"og:locale\" content=\"fr_FR\" \/>\n<meta property=\"og:type\" content=\"article\" \/>\n<meta property=\"og:title\" content=\"Monitorez les pages LinkedIn avec Mention\" \/>\n<meta property=\"og:description\" content=\"Maxime van Frank, Product Manager chez Mention, nous partage ses conseils pour monitorer les pages LinkedIn avec Mention.\" \/>\n<meta property=\"og:url\" content=\"https:\/\/mention.com\/fr\/blog\/monitorez-les-pages-linkedin-avec-mention\/\" \/>\n<meta property=\"og:site_name\" content=\"Mention\" \/>\n<meta property=\"article:published_time\" content=\"2023-01-09T11:29:53+00:00\" \/>\n<meta property=\"article:modified_time\" content=\"2023-02-21T14:14:20+00:00\" \/>\n<meta property=\"og:image\" content=\"https:\/\/mention.com\/wp-content\/uploads\/2022\/01\/Header.jpg\" \/>\n\t<meta property=\"og:image:width\" content=\"700\" \/>\n\t<meta property=\"og:image:height\" content=\"467\" \/>\n\t<meta property=\"og:image:type\" content=\"image\/jpeg\" \/>\n<meta name=\"author\" content=\"Ra\u00efssa Sidio\" \/>\n<meta name=\"twitter:card\" content=\"summary_large_image\" \/>\n<meta name=\"twitter:label1\" content=\"Written by\" \/>\n\t<meta name=\"twitter:data1\" content=\"Ra\u00efssa Sidio\" \/>\n\t<meta name=\"twitter:label2\" content=\"Est. reading time\" \/>\n\t<meta name=\"twitter:data2\" content=\"4 minutes\" \/>\n<script type=\"application\/ld+json\" class=\"yoast-schema-graph\">{\"@context\":\"https:\\\/\\\/schema.org\",\"@graph\":[{\"@type\":\"Article\",\"@id\":\"https:\\\/\\\/mention.com\\\/fr\\\/blog\\\/monitorez-les-pages-linkedin-avec-mention\\\/#article\",\"isPartOf\":{\"@id\":\"https:\\\/\\\/mention.com\\\/fr\\\/blog\\\/monitorez-les-pages-linkedin-avec-mention\\\/\"},\"author\":{\"name\":\"Ra\u00efssa Sidio\",\"@id\":\"https:\\\/\\\/mention.com\\\/en\\\/#\\\/schema\\\/person\\\/aa1fb03201ab126536f0783cdeac0a9c\"},\"headline\":\"Monitorez les pages LinkedIn avec Mention : interview du Product Manager\",\"datePublished\":\"2023-01-09T11:29:53+00:00\",\"dateModified\":\"2023-02-21T14:14:20+00:00\",\"mainEntityOfPage\":{\"@id\":\"https:\\\/\\\/mention.com\\\/fr\\\/blog\\\/monitorez-les-pages-linkedin-avec-mention\\\/\"},\"wordCount\":682,\"publisher\":{\"@id\":\"https:\\\/\\\/mention.com\\\/en\\\/#organization\"},\"image\":{\"@id\":\"https:\\\/\\\/mention.com\\\/fr\\\/blog\\\/monitorez-les-pages-linkedin-avec-mention\\\/#primaryimage\"},\"thumbnailUrl\":\"https:\\\/\\\/mention.com\\\/wp-content\\\/uploads\\\/2022\\\/01\\\/Header.jpg\",\"articleSection\":[\"Actualit\u00e9s de Mention\"],\"inLanguage\":\"fr\"},{\"@type\":\"WebPage\",\"@id\":\"https:\\\/\\\/mention.com\\\/fr\\\/blog\\\/monitorez-les-pages-linkedin-avec-mention\\\/\",\"url\":\"https:\\\/\\\/mention.com\\\/fr\\\/blog\\\/monitorez-les-pages-linkedin-avec-mention\\\/\",\"name\":\"Monitorez les pages LinkedIn avec Mention\",\"isPartOf\":{\"@id\":\"https:\\\/\\\/mention.com\\\/en\\\/#website\"},\"primaryImageOfPage\":{\"@id\":\"https:\\\/\\\/mention.com\\\/fr\\\/blog\\\/monitorez-les-pages-linkedin-avec-mention\\\/#primaryimage\"},\"image\":{\"@id\":\"https:\\\/\\\/mention.com\\\/fr\\\/blog\\\/monitorez-les-pages-linkedin-avec-mention\\\/#primaryimage\"},\"thumbnailUrl\":\"https:\\\/\\\/mention.com\\\/wp-content\\\/uploads\\\/2022\\\/01\\\/Header.jpg\",\"datePublished\":\"2023-01-09T11:29:53+00:00\",\"dateModified\":\"2023-02-21T14:14:20+00:00\",\"description\":\"Maxime van Frank, Product Manager chez Mention, nous partage ses conseils pour monitorer les pages LinkedIn avec Mention.\",\"breadcrumb\":{\"@id\":\"https:\\\/\\\/mention.com\\\/fr\\\/blog\\\/monitorez-les-pages-linkedin-avec-mention\\\/#breadcrumb\"},\"inLanguage\":\"fr\",\"potentialAction\":[{\"@type\":\"ReadAction\",\"target\":[\"https:\\\/\\\/mention.com\\\/fr\\\/blog\\\/monitorez-les-pages-linkedin-avec-mention\\\/\"]}]},{\"@type\":\"ImageObject\",\"inLanguage\":\"fr\",\"@id\":\"https:\\\/\\\/mention.com\\\/fr\\\/blog\\\/monitorez-les-pages-linkedin-avec-mention\\\/#primaryimage\",\"url\":\"https:\\\/\\\/mention.com\\\/wp-content\\\/uploads\\\/2022\\\/01\\\/Header.jpg\",\"contentUrl\":\"https:\\\/\\\/mention.com\\\/wp-content\\\/uploads\\\/2022\\\/01\\\/Header.jpg\",\"width\":700,\"height\":467,\"caption\":\"Introducing Mention Dashboard: Your Analytics Hub\"},{\"@type\":\"BreadcrumbList\",\"@id\":\"https:\\\/\\\/mention.com\\\/fr\\\/blog\\\/monitorez-les-pages-linkedin-avec-mention\\\/#breadcrumb\",\"itemListElement\":[{\"@type\":\"ListItem\",\"position\":1,\"name\":\"Home\",\"item\":\"https:\\\/\\\/mention.com\\\/fr\\\/\"},{\"@type\":\"ListItem\",\"position\":2,\"name\":\"Mention News\",\"item\":\"https:\\\/\\\/mention.com\\\/en\\\/blog\\\/category\\\/news\\\/\"},{\"@type\":\"ListItem\",\"position\":3,\"name\":\"Monitorez les pages LinkedIn avec Mention : interview du Product Manager\"}]},{\"@type\":\"WebSite\",\"@id\":\"https:\\\/\\\/mention.com\\\/en\\\/#website\",\"url\":\"https:\\\/\\\/mention.com\\\/en\\\/\",\"name\":\"Mention\",\"description\":\"Veille en ligne\",\"publisher\":{\"@id\":\"https:\\\/\\\/mention.com\\\/en\\\/#organization\"},\"potentialAction\":[{\"@type\":\"SearchAction\",\"target\":{\"@type\":\"EntryPoint\",\"urlTemplate\":\"https:\\\/\\\/mention.com\\\/en\\\/?s={search_term_string}\"},\"query-input\":{\"@type\":\"PropertyValueSpecification\",\"valueRequired\":true,\"valueName\":\"search_term_string\"}}],\"inLanguage\":\"fr\"},{\"@type\":\"Organization\",\"@id\":\"https:\\\/\\\/mention.com\\\/en\\\/#organization\",\"name\":\"Mention\",\"url\":\"https:\\\/\\\/mention.com\\\/en\\\/\",\"logo\":{\"@type\":\"ImageObject\",\"inLanguage\":\"fr\",\"@id\":\"https:\\\/\\\/mention.com\\\/en\\\/#\\\/schema\\\/logo\\\/image\\\/\",\"url\":\"https:\\\/\\\/mention.com\\\/wp-content\\\/uploads\\\/2019\\\/04\\\/mention-about.png\",\"contentUrl\":\"https:\\\/\\\/mention.com\\\/wp-content\\\/uploads\\\/2019\\\/04\\\/mention-about.png\",\"width\":328,\"height\":76,\"caption\":\"Mention\"},\"image\":{\"@id\":\"https:\\\/\\\/mention.com\\\/en\\\/#\\\/schema\\\/logo\\\/image\\\/\"}},{\"@type\":\"Person\",\"@id\":\"https:\\\/\\\/mention.com\\\/en\\\/#\\\/schema\\\/person\\\/aa1fb03201ab126536f0783cdeac0a9c\",\"name\":\"Ra\u00efssa Sidio\",\"image\":{\"@type\":\"ImageObject\",\"inLanguage\":\"fr\",\"@id\":\"https:\\\/\\\/mention.com\\\/wp-content\\\/uploads\\\/2022\\\/12\\\/raissa-sidio-150x150.jpg\",\"url\":\"https:\\\/\\\/mention.com\\\/wp-content\\\/uploads\\\/2022\\\/12\\\/raissa-sidio-150x150.jpg\",\"contentUrl\":\"https:\\\/\\\/mention.com\\\/wp-content\\\/uploads\\\/2022\\\/12\\\/raissa-sidio-150x150.jpg\",\"caption\":\"Ra\u00efssa Sidio\"},\"description\":\"Ra\u00efssa is a Product Marketing Manager at Mention, enabling her to combine her passion for marketing with her love of digital. When she's not exploring new ways to bring products to market, she enjoys indulging in her favorite treats like chocolate, travel, and asian food, as well as watching her favorite sports.\",\"sameAs\":[\"https:\\\/\\\/mention.com\\\/en\\\/\"],\"url\":\"https:\\\/\\\/mention.com\\\/fr\\\/blog\\\/author\\\/raissa\\\/\"}]}<\/script>\n<!-- \/ Yoast SEO plugin. -->","yoast_head_json":{"title":"Monitorez les pages LinkedIn avec Mention","description":"Maxime van Frank, Product Manager chez Mention, nous partage ses conseils pour monitorer les pages LinkedIn avec Mention.","robots":{"index":"index","follow":"follow","max-snippet":"max-snippet:-1","max-image-preview":"max-image-preview:large","max-video-preview":"max-video-preview:-1"},"canonical":"https:\/\/mention.com\/fr\/blog\/monitorez-les-pages-linkedin-avec-mention\/","og_locale":"fr_FR","og_type":"article","og_title":"Monitorez les pages LinkedIn avec Mention","og_description":"Maxime van Frank, Product Manager chez Mention, nous partage ses conseils pour monitorer les pages LinkedIn avec Mention.","og_url":"https:\/\/mention.com\/fr\/blog\/monitorez-les-pages-linkedin-avec-mention\/","og_site_name":"Mention","article_published_time":"2023-01-09T11:29:53+00:00","article_modified_time":"2023-02-21T14:14:20+00:00","og_image":[{"width":700,"height":467,"url":"https:\/\/mention.com\/wp-content\/uploads\/2022\/01\/Header.jpg","type":"image\/jpeg"}],"author":"Ra\u00efssa Sidio","twitter_card":"summary_large_image","twitter_misc":{"Written by":"Ra\u00efssa Sidio","Est. reading time":"4 minutes"},"schema":{"@context":"https:\/\/schema.org","@graph":[{"@type":"Article","@id":"https:\/\/mention.com\/fr\/blog\/monitorez-les-pages-linkedin-avec-mention\/#article","isPartOf":{"@id":"https:\/\/mention.com\/fr\/blog\/monitorez-les-pages-linkedin-avec-mention\/"},"author":{"name":"Ra\u00efssa Sidio","@id":"https:\/\/mention.com\/en\/#\/schema\/person\/aa1fb03201ab126536f0783cdeac0a9c"},"headline":"Monitorez les pages LinkedIn avec Mention : interview du Product Manager","datePublished":"2023-01-09T11:29:53+00:00","dateModified":"2023-02-21T14:14:20+00:00","mainEntityOfPage":{"@id":"https:\/\/mention.com\/fr\/blog\/monitorez-les-pages-linkedin-avec-mention\/"},"wordCount":682,"publisher":{"@id":"https:\/\/mention.com\/en\/#organization"},"image":{"@id":"https:\/\/mention.com\/fr\/blog\/monitorez-les-pages-linkedin-avec-mention\/#primaryimage"},"thumbnailUrl":"https:\/\/mention.com\/wp-content\/uploads\/2022\/01\/Header.jpg","articleSection":["Actualit\u00e9s de Mention"],"inLanguage":"fr"},{"@type":"WebPage","@id":"https:\/\/mention.com\/fr\/blog\/monitorez-les-pages-linkedin-avec-mention\/","url":"https:\/\/mention.com\/fr\/blog\/monitorez-les-pages-linkedin-avec-mention\/","name":"Monitorez les pages LinkedIn avec Mention","isPartOf":{"@id":"https:\/\/mention.com\/en\/#website"},"primaryImageOfPage":{"@id":"https:\/\/mention.com\/fr\/blog\/monitorez-les-pages-linkedin-avec-mention\/#primaryimage"},"image":{"@id":"https:\/\/mention.com\/fr\/blog\/monitorez-les-pages-linkedin-avec-mention\/#primaryimage"},"thumbnailUrl":"https:\/\/mention.com\/wp-content\/uploads\/2022\/01\/Header.jpg","datePublished":"2023-01-09T11:29:53+00:00","dateModified":"2023-02-21T14:14:20+00:00","description":"Maxime van Frank, Product Manager chez Mention, nous partage ses conseils pour monitorer les pages LinkedIn avec Mention.","breadcrumb":{"@id":"https:\/\/mention.com\/fr\/blog\/monitorez-les-pages-linkedin-avec-mention\/#breadcrumb"},"inLanguage":"fr","potentialAction":[{"@type":"ReadAction","target":["https:\/\/mention.com\/fr\/blog\/monitorez-les-pages-linkedin-avec-mention\/"]}]},{"@type":"ImageObject","inLanguage":"fr","@id":"https:\/\/mention.com\/fr\/blog\/monitorez-les-pages-linkedin-avec-mention\/#primaryimage","url":"https:\/\/mention.com\/wp-content\/uploads\/2022\/01\/Header.jpg","contentUrl":"https:\/\/mention.com\/wp-content\/uploads\/2022\/01\/Header.jpg","width":700,"height":467,"caption":"Introducing Mention Dashboard: Your Analytics Hub"},{"@type":"BreadcrumbList","@id":"https:\/\/mention.com\/fr\/blog\/monitorez-les-pages-linkedin-avec-mention\/#breadcrumb","itemListElement":[{"@type":"ListItem","position":1,"name":"Home","item":"https:\/\/mention.com\/fr\/"},{"@type":"ListItem","position":2,"name":"Mention News","item":"https:\/\/mention.com\/en\/blog\/category\/news\/"},{"@type":"ListItem","position":3,"name":"Monitorez les pages LinkedIn avec Mention : interview du Product Manager"}]},{"@type":"WebSite","@id":"https:\/\/mention.com\/en\/#website","url":"https:\/\/mention.com\/en\/","name":"Mention","description":"Veille en ligne","publisher":{"@id":"https:\/\/mention.com\/en\/#organization"},"potentialAction":[{"@type":"SearchAction","target":{"@type":"EntryPoint","urlTemplate":"https:\/\/mention.com\/en\/?s={search_term_string}"},"query-input":{"@type":"PropertyValueSpecification","valueRequired":true,"valueName":"search_term_string"}}],"inLanguage":"fr"},{"@type":"Organization","@id":"https:\/\/mention.com\/en\/#organization","name":"Mention","url":"https:\/\/mention.com\/en\/","logo":{"@type":"ImageObject","inLanguage":"fr","@id":"https:\/\/mention.com\/en\/#\/schema\/logo\/image\/","url":"https:\/\/mention.com\/wp-content\/uploads\/2019\/04\/mention-about.png","contentUrl":"https:\/\/mention.com\/wp-content\/uploads\/2019\/04\/mention-about.png","width":328,"height":76,"caption":"Mention"},"image":{"@id":"https:\/\/mention.com\/en\/#\/schema\/logo\/image\/"}},{"@type":"Person","@id":"https:\/\/mention.com\/en\/#\/schema\/person\/aa1fb03201ab126536f0783cdeac0a9c","name":"Ra\u00efssa Sidio","image":{"@type":"ImageObject","inLanguage":"fr","@id":"https:\/\/mention.com\/wp-content\/uploads\/2022\/12\/raissa-sidio-150x150.jpg","url":"https:\/\/mention.com\/wp-content\/uploads\/2022\/12\/raissa-sidio-150x150.jpg","contentUrl":"https:\/\/mention.com\/wp-content\/uploads\/2022\/12\/raissa-sidio-150x150.jpg","caption":"Ra\u00efssa Sidio"},"description":"Ra\u00efssa is a Product Marketing Manager at Mention, enabling her to combine her passion for marketing with her love of digital. When she's not exploring new ways to bring products to market, she enjoys indulging in her favorite treats like chocolate, travel, and asian food, as well as watching her favorite sports.","sameAs":["https:\/\/mention.com\/en\/"],"url":"https:\/\/mention.com\/fr\/blog\/author\/raissa\/"}]}},"_links":{"self":[{"href":"https:\/\/mention.com\/fr\/wp-json\/wp\/v2\/posts\/53547","targetHints":{"allow":["GET"]}}],"collection":[{"href":"https:\/\/mention.com\/fr\/wp-json\/wp\/v2\/posts"}],"about":[{"href":"https:\/\/mention.com\/fr\/wp-json\/wp\/v2\/types\/post"}],"author":[{"embeddable":true,"href":"https:\/\/mention.com\/fr\/wp-json\/wp\/v2\/users\/388"}],"replies":[{"embeddable":true,"href":"https:\/\/mention.com\/fr\/wp-json\/wp\/v2\/comments?post=53547"}],"version-history":[{"count":0,"href":"https:\/\/mention.com\/fr\/wp-json\/wp\/v2\/posts\/53547\/revisions"}],"wp:featuredmedia":[{"embeddable":true,"href":"https:\/\/mention.com\/fr\/wp-json\/wp\/v2\/media\/46555"}],"wp:attachment":[{"href":"https:\/\/mention.com\/fr\/wp-json\/wp\/v2\/media?parent=53547"}],"wp:term":[{"taxonomy":"category","embeddable":true,"href":"https:\/\/mention.com\/fr\/wp-json\/wp\/v2\/categories?post=53547"},{"taxonomy":"post_tag","embeddable":true,"href":"https:\/\/mention.com\/fr\/wp-json\/wp\/v2\/tags?post=53547"}],"curies":[{"name":"wp","href":"https:\/\/api.w.org\/{rel}","templated":true}]}}