{"id":58795,"date":"2023-08-21T13:23:21","date_gmt":"2023-08-21T13:23:21","guid":{"rendered":"https:\/\/mention.com\/?p=58795"},"modified":"2023-08-21T13:23:47","modified_gmt":"2023-08-21T13:23:47","slug":"monitoring-simplifie","status":"publish","type":"post","link":"https:\/\/mention.com\/fr\/blog\/monitoring-simplifie\/","title":{"rendered":"Le monitoring simplifi\u00e9. Interview du product manager."},"content":{"rendered":"\n<p>Si le monitoring ne fait pas encore partie des habitudes de votre \u00e9quipe marketing, voici en quelques mots pourquoi il participe pleinement au succ\u00e8s de nombreuses \u00e9quipes comme la v\u00f4tre. Appliqu\u00e9 de mani\u00e8re m\u00e9thodique et rigoureuse, il fournit de pr\u00e9cieuses donn\u00e9es qui contribuent \u00e0 des prises de d\u00e9cision \u00e9clair\u00e9es, et ce, pour diff\u00e9rents enjeux marketing : une gestion habile de la r\u00e9putation d\u2019une marque, une analyse concurrentielle instantan\u00e9e et exploitable, ou encore un suivi rapproch\u00e9 des retomb\u00e9es de campagnes marketing ou relation presse. Ces donn\u00e9es pourvues par le monitoring du web et des r\u00e9seaux sociaux permettent en d\u00e9finitive d\u2019\u00e9laborer des strat\u00e9gies marketing plus fines.<\/p>\n\n\n\n<p>Nous nous avons \u00e0 c\u0153ur les int\u00e9r\u00eats de nos utilisateurs, et c\u2019est pour leur permettre d&#8217;atteindre plus facilement leurs objectifs marketing que notre squad monitoring a enti\u00e8rement reconstruit notre fonctionnalit\u00e9 basic alert. Parcourez avec nous cette interview de Nicolas, Product manager au sein de cette squad, pour mieux comprendre comment cette fonctionnalit\u00e9 revisit\u00e9e simplifie le monitoring.<\/p>\n\n\n\n<h2 class=\"wp-block-heading\">Bonjour Nicolas, peux-tu nous parler de ta squad ?<\/h2>\n\n\n\n<p>Bonjour Ra\u00efssa\u202f! La squad monitor, c\u2019est un peu le c\u0153ur de notre produit de veille sociale, je l\u2019ai rejoint il y a plusieurs mois maintenant. On couvre plusieurs sujets, le premier, c&#8217;est celui de l\u2019<strong>accessibilit\u00e9 \u00e0 la donn\u00e9e<\/strong>, autrement dit, d\u00e9finir \u00e0 quelles sources on branche le produit. Aujourd\u2019hui, on a les r\u00e9seaux sociaux, le web parmi nos sources et ce sont essentiellement des mentions au format \u00e9crit que l\u2019on extrait de ces sources. Pour donner un cas concret, nous sommes aujourd\u2019hui capables de retrouver les mentions d\u2019une marque ou un mot cl\u00e9 sur YouTube par exemple, en s\u2019appuyant sur le titre de la vid\u00e9o. Dans un avenir tr\u00e8s proche, la question va se poser de r\u00e9cup\u00e9rer de plus en plus de mentions au format vid\u00e9o et au format audio sans l\u2019aide du titre ou de la description. Le deuxi\u00e8me sujet est la <strong>recherche de la donn\u00e9e<\/strong>, une fois tous les branchements effectu\u00e9s avec notre web app pour avoir un maximum de sources, comment on permet aux utilisateurs de rechercher la donn\u00e9e sur notre interface. Le dernier sujet, c\u2019est la <strong>pr\u00e9sentation de la donn\u00e9e<\/strong> et notamment des mentions r\u00e9cup\u00e9r\u00e9es pour une alerte donn\u00e9e. Chez nous, \u00e7a se pr\u00e9sente sous la forme d\u2019un <em>feed<\/em>.<\/p>\n\n\n\n<h2 class=\"wp-block-heading\">La nouvelle basic alert, en une phrase, qu&#8217;est-ce que c&#8217;est\u202f? Et, \u00e0 qui \u00e7a s\u2019adresse ?<\/h2>\n\n\n<div class=\"wp-block-image is-style-rounded\">\n<figure class=\"aligncenter size-full is-resized\"><img decoding=\"async\" data-src=\"https:\/\/mention.com\/wp-content\/uploads\/2023\/08\/nicolas-bonnet-mention.jpg\" alt=\"\" class=\"wp-image-58793 lazyload\" style=\"--smush-placeholder-width: 150px; --smush-placeholder-aspect-ratio: 150\/150;width:150px;height:150px\" width=\"150\" height=\"150\" data-srcset=\"https:\/\/mention.com\/wp-content\/uploads\/2023\/08\/nicolas-bonnet-mention.jpg 500w, https:\/\/mention.com\/wp-content\/uploads\/2023\/08\/nicolas-bonnet-mention-300x300.jpg 300w, https:\/\/mention.com\/wp-content\/uploads\/2023\/08\/nicolas-bonnet-mention-150x150.jpg 150w\" data-sizes=\"(max-width: 150px) 100vw, 150px\" src=\"data:image\/svg+xml;base64,PHN2ZyB3aWR0aD0iMSIgaGVpZ2h0PSIxIiB4bWxucz0iaHR0cDovL3d3dy53My5vcmcvMjAwMC9zdmciPjwvc3ZnPg==\" \/><\/figure>\n<\/div>\n\n\n<blockquote class=\"wp-block-quote has-text-align-center is-style-large is-layout-flow wp-block-quote-is-layout-flow\">\n<p>&#8220;Une interface didactique et intuitive combinant deux modes de recherche : une recherche par mot cl\u00e9 et une recherche par entit\u00e9.&#8221;<\/p>\n<cite>\u2014 Nicolas, Product Manager<\/cite><\/blockquote>\n\n\n\n<p>Je dirais que quel que soit leur cas d\u2019usage de veille sociale, les utilisateurs pourront cr\u00e9er une alerte qui leur convient via une interface didactique et intuitive combinant deux modes de recherche: une recherche par mot cl\u00e9 et une recherche par entit\u00e9. Ce que j\u2019entends par \u201crecherche par entit\u00e9\u201d, c\u2019est que pour une entreprise ou m\u00eame une personnalit\u00e9 publique donn\u00e9e, il est possible de tracker quasiment tous les r\u00e9seaux sociaux associ\u00e9s ainsi que les sites de notation ou avis client.<\/p>\n\n\n\n<p>Elle est <strong>parfaite pour tous les utilisateurs<\/strong>, \u00e0 vrai dire, parce qu\u2019elle est facile \u00e0 prendre en main. Elle adresse tous les cas d\u2019usage de Mention: sant\u00e9 de la marque, analyse concurrentielle, suivi de campagne ou d\u2019\u00e9v\u00e9nement\u2026. Le tout en expliquant bien le mode de recherche employ\u00e9, ce qui permet d\u2019avoir des r\u00e9sultats plus pr\u00e9cis sans forc\u00e9ment avoir de connaissance pouss\u00e9e de la cr\u00e9ation de requ\u00eate.<\/p>\n\n\n\n<h2 class=\"wp-block-heading\">En quoi la nouvelle <em>basic alert<\/em> va-t-elle \u00e9liminer certaines difficult\u00e9s qui \u00e9taient propres \u00e0 cette cible ?<\/h2>\n\n\n\n<p>Dans les probl\u00e8mes que l&#8217;on nous a remont\u00e9s, le principal \u00e9tait celui de l<strong>&#8216;afflux massif de mentions dans le feed<\/strong>. La raison tenait notamment au fait que l&#8217;on n&#8217;explicitait pas suffisamment les modes de recherches employ\u00e9s au moment de la cr\u00e9ation. Avec la nouvelle <em>basic alert<\/em>, on a une <strong>approche plus didactique<\/strong> de la cr\u00e9ation d&#8217;alerte. On permet ainsi \u00e0 nos utilisateurs de limiter le nombre de mentions r\u00e9colt\u00e9es, mais surtout, d&#8217;en <strong>am\u00e9liorer significativement la qualit\u00e9<\/strong>. Et, c&#8217;est d\u2019autant plus vrai avec un nouvel assistant incorpor\u00e9 !<\/p>\n\n\n\n<h2 class=\"wp-block-heading\">Int\u00e9ressant ! Et, comment fonctionne cet assistant ?<\/h2>\n\n\n\n<p>L&#8217;assistant, comme son nom l&#8217;indique, est l\u00e0 pour donner un coup de pouce \u00e0 l&#8217;utilisateur dans le <strong>raffinement de sa recherche<\/strong>. \u00c0 mesure que l&#8217;utilisateur renseigne des mots-cl\u00e9s, l&#8217;assistant va automatiquement sugg\u00e9rer les optimisations suivantes : mots clefs associ\u00e9s \u00e0 sa recherche (qu&#8217;ils soient positifs ou n\u00e9gatifs), tops hashtags issus des r\u00e9seaux sociaux, tops pays pour cibler ce mot-cl\u00e9.<\/p>\n\n\n\n<p>Cela permet \u00e0 l&#8217;utilisateur d&#8217;avoir un aper\u00e7u des r\u00e9sultats avant m\u00eame d&#8217;avoir termin\u00e9 la cr\u00e9ation de son alerte. Ce qui r\u00e9pond exactement aux probl\u00e8mes que nous avons \u00e9voqu\u00e9s \u00e0 la question pr\u00e9c\u00e9dente.<\/p>\n\n\n\n<h2 class=\"wp-block-heading\">Y a-t-il des limitations ?<\/h2>\n\n\n\n<p>Oui, il y en a ! La <em>basic alert<\/em> comporte une limitation de 15 mots-cl\u00e9s au maximum et plus sp\u00e9cifiquement : 5 mots-cl\u00e9s requis, 5 mots-cl\u00e9s facultatifs, 5 mots-cl\u00e9s exclus.<\/p>\n\n\n\n<p>En ce qui concerne le monitoring d&#8217;entit\u00e9s, \u00e0 savoir les pages de r\u00e9seaux sociaux et site de notation et d&#8217;avis, la principale contrainte \u00e9mane du type d&#8217;offre choisie. Celle-ci impacte \u00e0 la fois le volume d&#8217;entit\u00e9s monitor\u00e9es, mais \u00e9galement la source. Par exemple, le monitoring de page entreprise LinkedIn n&#8217;est accessible qu&#8217;aux clients de notre offre <em>Company<\/em>.<\/p>\n\n\n\n<h2 class=\"wp-block-heading\">Qu\u2019est-ce qui rend la <em>basic alert<\/em> de Mention plus int\u00e9ressante que les alternatives des concurrents\u202f?<\/h2>\n\n\n\n<p>\u00c7a, c&#8217;est une bonne question\u202f! Je dirais qu\u2019il y a tout d\u2019abord, la quantit\u00e9 de sources auxquelles on est connect\u00e9es. \u00c7a me semble \u00eatre un point essentiel de la veille sociale, d\u2019avoir une quantit\u00e9 de sources significative pour \u00eatre capable d\u2019offrir une recherche 360 \u00e0 nos utilisateurs. Ensuite, il y a notre capacit\u00e9 \u00e0 proposer aujourd\u2019hui des modes de recherche combin\u00e9s, le tout sur une interface intuitive et flexible gr\u00e2ce \u00e0 un design bien pens\u00e9.<\/p>\n\n\n\n<h2 class=\"wp-block-heading\">Super ! Merci pour ces explications Nicolas\u202f!<\/h2>\n\n\n\n<figure class=\"wp-block-image size-full men_noborder\"><a href=\"https:\/\/social.agorapulse.com\/fr\/mention-trial\" target=\"_blank\" rel=\"noreferrer noopener\"><img decoding=\"async\" width=\"700\" height=\"300\" data-src=\"https:\/\/mention.com\/wp-content\/uploads\/2023\/04\/mention-cta-fr.jpg\" alt=\"\" class=\"wp-image-55926 lazyload\" data-srcset=\"https:\/\/mention.com\/wp-content\/uploads\/2023\/04\/mention-cta-fr.jpg 700w, https:\/\/mention.com\/wp-content\/uploads\/2023\/04\/mention-cta-fr-300x129.jpg 300w\" data-sizes=\"(max-width: 700px) 100vw, 700px\" src=\"data:image\/svg+xml;base64,PHN2ZyB3aWR0aD0iMSIgaGVpZ2h0PSIxIiB4bWxucz0iaHR0cDovL3d3dy53My5vcmcvMjAwMC9zdmciPjwvc3ZnPg==\" style=\"--smush-placeholder-width: 700px; --smush-placeholder-aspect-ratio: 700\/300;\" \/><\/a><\/figure>\n","protected":false},"excerpt":{"rendered":"<p>Si le monitoring ne fait pas encore partie des habitudes de votre \u00e9quipe marketing, voici en quelques mots pourquoi il participe pleinement au succ\u00e8s de nombreuses \u00e9quipes comme la v\u00f4tre. Appliqu\u00e9 de mani\u00e8re m\u00e9thodique et rigoureuse, il fournit de pr\u00e9cieuses donn\u00e9es qui contribuent \u00e0 des prises de d\u00e9cision \u00e9clair\u00e9es, et ce, pour diff\u00e9rents enjeux marketing &hellip; <a href=\"https:\/\/mention.com\/fr\/blog\/monitoring-simplifie\/\" class=\"more-link\">Continue reading <span class=\"screen-reader-text\">Le monitoring simplifi\u00e9. Interview du product manager.<\/span><\/a><\/p>\n","protected":false},"author":388,"featured_media":46555,"comment_status":"closed","ping_status":"closed","sticky":false,"template":"","format":"standard","meta":{"_acf_changed":false,"inline_featured_image":false,"footnotes":""},"categories":[631],"tags":[],"class_list":["post-58795","post","type-post","status-publish","format-standard","has-post-thumbnail","hentry","category-actualites"],"acf":[],"yoast_head":"<!-- This site is optimized with the Yoast SEO plugin v27.5 - https:\/\/yoast.com\/product\/yoast-seo-wordpress\/ -->\n<title>Le monitoring simplifi\u00e9. Interview du product manager. | Mention<\/title>\n<meta name=\"description\" content=\"D\u00e9couvrez notre interview avec Nicolas, Product Manager, pour d\u00e9couvrir notre syst\u00e8me avanc\u00e9 d&#039;alerte con\u00e7u pour simplifier votre processus de monitoring.\" \/>\n<meta name=\"robots\" content=\"index, follow, max-snippet:-1, max-image-preview:large, max-video-preview:-1\" \/>\n<link rel=\"canonical\" href=\"https:\/\/mention.com\/fr\/blog\/monitoring-simplifie\/\" \/>\n<meta property=\"og:locale\" content=\"fr_FR\" \/>\n<meta property=\"og:type\" content=\"article\" \/>\n<meta property=\"og:title\" content=\"Le monitoring simplifi\u00e9. Interview du product manager. | Mention\" \/>\n<meta property=\"og:description\" content=\"D\u00e9couvrez notre interview avec Nicolas, Product Manager, pour d\u00e9couvrir notre syst\u00e8me avanc\u00e9 d&#039;alerte con\u00e7u pour simplifier votre processus de monitoring.\" \/>\n<meta property=\"og:url\" content=\"https:\/\/mention.com\/fr\/blog\/monitoring-simplifie\/\" \/>\n<meta property=\"og:site_name\" content=\"Mention\" \/>\n<meta property=\"article:published_time\" content=\"2023-08-21T13:23:21+00:00\" \/>\n<meta property=\"article:modified_time\" content=\"2023-08-21T13:23:47+00:00\" \/>\n<meta property=\"og:image\" content=\"https:\/\/mention.com\/wp-content\/uploads\/2022\/01\/Header.jpg\" \/>\n\t<meta property=\"og:image:width\" content=\"700\" \/>\n\t<meta property=\"og:image:height\" content=\"467\" \/>\n\t<meta property=\"og:image:type\" content=\"image\/jpeg\" \/>\n<meta name=\"author\" content=\"Ra\u00efssa Sidio\" \/>\n<meta name=\"twitter:card\" content=\"summary_large_image\" \/>\n<meta name=\"twitter:label1\" content=\"Written by\" \/>\n\t<meta name=\"twitter:data1\" content=\"Ra\u00efssa Sidio\" \/>\n\t<meta name=\"twitter:label2\" content=\"Est. reading time\" \/>\n\t<meta name=\"twitter:data2\" content=\"5 minutes\" \/>\n<script type=\"application\/ld+json\" class=\"yoast-schema-graph\">{\"@context\":\"https:\\\/\\\/schema.org\",\"@graph\":[{\"@type\":\"Article\",\"@id\":\"https:\\\/\\\/mention.com\\\/fr\\\/blog\\\/monitoring-simplifie\\\/#article\",\"isPartOf\":{\"@id\":\"https:\\\/\\\/mention.com\\\/fr\\\/blog\\\/monitoring-simplifie\\\/\"},\"author\":{\"name\":\"Ra\u00efssa Sidio\",\"@id\":\"https:\\\/\\\/mention.com\\\/en\\\/#\\\/schema\\\/person\\\/aa1fb03201ab126536f0783cdeac0a9c\"},\"headline\":\"Le monitoring simplifi\u00e9. Interview du product manager.\",\"datePublished\":\"2023-08-21T13:23:21+00:00\",\"dateModified\":\"2023-08-21T13:23:47+00:00\",\"mainEntityOfPage\":{\"@id\":\"https:\\\/\\\/mention.com\\\/fr\\\/blog\\\/monitoring-simplifie\\\/\"},\"wordCount\":1067,\"publisher\":{\"@id\":\"https:\\\/\\\/mention.com\\\/en\\\/#organization\"},\"image\":{\"@id\":\"https:\\\/\\\/mention.com\\\/fr\\\/blog\\\/monitoring-simplifie\\\/#primaryimage\"},\"thumbnailUrl\":\"https:\\\/\\\/mention.com\\\/wp-content\\\/uploads\\\/2022\\\/01\\\/Header.jpg\",\"articleSection\":[\"Actualit\u00e9s de Mention\"],\"inLanguage\":\"fr\"},{\"@type\":\"WebPage\",\"@id\":\"https:\\\/\\\/mention.com\\\/fr\\\/blog\\\/monitoring-simplifie\\\/\",\"url\":\"https:\\\/\\\/mention.com\\\/fr\\\/blog\\\/monitoring-simplifie\\\/\",\"name\":\"Le monitoring simplifi\u00e9. Interview du product manager. | Mention\",\"isPartOf\":{\"@id\":\"https:\\\/\\\/mention.com\\\/en\\\/#website\"},\"primaryImageOfPage\":{\"@id\":\"https:\\\/\\\/mention.com\\\/fr\\\/blog\\\/monitoring-simplifie\\\/#primaryimage\"},\"image\":{\"@id\":\"https:\\\/\\\/mention.com\\\/fr\\\/blog\\\/monitoring-simplifie\\\/#primaryimage\"},\"thumbnailUrl\":\"https:\\\/\\\/mention.com\\\/wp-content\\\/uploads\\\/2022\\\/01\\\/Header.jpg\",\"datePublished\":\"2023-08-21T13:23:21+00:00\",\"dateModified\":\"2023-08-21T13:23:47+00:00\",\"description\":\"D\u00e9couvrez notre interview avec Nicolas, Product Manager, pour d\u00e9couvrir notre syst\u00e8me avanc\u00e9 d'alerte con\u00e7u pour simplifier votre processus de monitoring.\",\"breadcrumb\":{\"@id\":\"https:\\\/\\\/mention.com\\\/fr\\\/blog\\\/monitoring-simplifie\\\/#breadcrumb\"},\"inLanguage\":\"fr\",\"potentialAction\":[{\"@type\":\"ReadAction\",\"target\":[\"https:\\\/\\\/mention.com\\\/fr\\\/blog\\\/monitoring-simplifie\\\/\"]}]},{\"@type\":\"ImageObject\",\"inLanguage\":\"fr\",\"@id\":\"https:\\\/\\\/mention.com\\\/fr\\\/blog\\\/monitoring-simplifie\\\/#primaryimage\",\"url\":\"https:\\\/\\\/mention.com\\\/wp-content\\\/uploads\\\/2022\\\/01\\\/Header.jpg\",\"contentUrl\":\"https:\\\/\\\/mention.com\\\/wp-content\\\/uploads\\\/2022\\\/01\\\/Header.jpg\",\"width\":700,\"height\":467,\"caption\":\"Introducing Mention Dashboard: Your Analytics Hub\"},{\"@type\":\"BreadcrumbList\",\"@id\":\"https:\\\/\\\/mention.com\\\/fr\\\/blog\\\/monitoring-simplifie\\\/#breadcrumb\",\"itemListElement\":[{\"@type\":\"ListItem\",\"position\":1,\"name\":\"Home\",\"item\":\"https:\\\/\\\/mention.com\\\/fr\\\/\"},{\"@type\":\"ListItem\",\"position\":2,\"name\":\"Actualit\u00e9s de Mention\",\"item\":\"https:\\\/\\\/mention.com\\\/fr\\\/blog\\\/category\\\/actualites\\\/\"},{\"@type\":\"ListItem\",\"position\":3,\"name\":\"Le monitoring simplifi\u00e9. Interview du product manager.\"}]},{\"@type\":\"WebSite\",\"@id\":\"https:\\\/\\\/mention.com\\\/en\\\/#website\",\"url\":\"https:\\\/\\\/mention.com\\\/en\\\/\",\"name\":\"Mention\",\"description\":\"Veille en ligne\",\"publisher\":{\"@id\":\"https:\\\/\\\/mention.com\\\/en\\\/#organization\"},\"potentialAction\":[{\"@type\":\"SearchAction\",\"target\":{\"@type\":\"EntryPoint\",\"urlTemplate\":\"https:\\\/\\\/mention.com\\\/en\\\/?s={search_term_string}\"},\"query-input\":{\"@type\":\"PropertyValueSpecification\",\"valueRequired\":true,\"valueName\":\"search_term_string\"}}],\"inLanguage\":\"fr\"},{\"@type\":\"Organization\",\"@id\":\"https:\\\/\\\/mention.com\\\/en\\\/#organization\",\"name\":\"Mention\",\"url\":\"https:\\\/\\\/mention.com\\\/en\\\/\",\"logo\":{\"@type\":\"ImageObject\",\"inLanguage\":\"fr\",\"@id\":\"https:\\\/\\\/mention.com\\\/en\\\/#\\\/schema\\\/logo\\\/image\\\/\",\"url\":\"https:\\\/\\\/mention.com\\\/wp-content\\\/uploads\\\/2019\\\/04\\\/mention-about.png\",\"contentUrl\":\"https:\\\/\\\/mention.com\\\/wp-content\\\/uploads\\\/2019\\\/04\\\/mention-about.png\",\"width\":328,\"height\":76,\"caption\":\"Mention\"},\"image\":{\"@id\":\"https:\\\/\\\/mention.com\\\/en\\\/#\\\/schema\\\/logo\\\/image\\\/\"}},{\"@type\":\"Person\",\"@id\":\"https:\\\/\\\/mention.com\\\/en\\\/#\\\/schema\\\/person\\\/aa1fb03201ab126536f0783cdeac0a9c\",\"name\":\"Ra\u00efssa Sidio\",\"image\":{\"@type\":\"ImageObject\",\"inLanguage\":\"fr\",\"@id\":\"https:\\\/\\\/mention.com\\\/wp-content\\\/uploads\\\/2022\\\/12\\\/raissa-sidio-150x150.jpg\",\"url\":\"https:\\\/\\\/mention.com\\\/wp-content\\\/uploads\\\/2022\\\/12\\\/raissa-sidio-150x150.jpg\",\"contentUrl\":\"https:\\\/\\\/mention.com\\\/wp-content\\\/uploads\\\/2022\\\/12\\\/raissa-sidio-150x150.jpg\",\"caption\":\"Ra\u00efssa Sidio\"},\"description\":\"Ra\u00efssa is a Product Marketing Manager at Mention, enabling her to combine her passion for marketing with her love of digital. When she's not exploring new ways to bring products to market, she enjoys indulging in her favorite treats like chocolate, travel, and asian food, as well as watching her favorite sports.\",\"sameAs\":[\"https:\\\/\\\/mention.com\\\/en\\\/\"],\"url\":\"https:\\\/\\\/mention.com\\\/fr\\\/blog\\\/author\\\/raissa\\\/\"}]}<\/script>\n<!-- \/ Yoast SEO plugin. -->","yoast_head_json":{"title":"Le monitoring simplifi\u00e9. Interview du product manager. | Mention","description":"D\u00e9couvrez notre interview avec Nicolas, Product Manager, pour d\u00e9couvrir notre syst\u00e8me avanc\u00e9 d'alerte con\u00e7u pour simplifier votre processus de monitoring.","robots":{"index":"index","follow":"follow","max-snippet":"max-snippet:-1","max-image-preview":"max-image-preview:large","max-video-preview":"max-video-preview:-1"},"canonical":"https:\/\/mention.com\/fr\/blog\/monitoring-simplifie\/","og_locale":"fr_FR","og_type":"article","og_title":"Le monitoring simplifi\u00e9. Interview du product manager. | Mention","og_description":"D\u00e9couvrez notre interview avec Nicolas, Product Manager, pour d\u00e9couvrir notre syst\u00e8me avanc\u00e9 d'alerte con\u00e7u pour simplifier votre processus de monitoring.","og_url":"https:\/\/mention.com\/fr\/blog\/monitoring-simplifie\/","og_site_name":"Mention","article_published_time":"2023-08-21T13:23:21+00:00","article_modified_time":"2023-08-21T13:23:47+00:00","og_image":[{"width":700,"height":467,"url":"https:\/\/mention.com\/wp-content\/uploads\/2022\/01\/Header.jpg","type":"image\/jpeg"}],"author":"Ra\u00efssa Sidio","twitter_card":"summary_large_image","twitter_misc":{"Written by":"Ra\u00efssa Sidio","Est. reading time":"5 minutes"},"schema":{"@context":"https:\/\/schema.org","@graph":[{"@type":"Article","@id":"https:\/\/mention.com\/fr\/blog\/monitoring-simplifie\/#article","isPartOf":{"@id":"https:\/\/mention.com\/fr\/blog\/monitoring-simplifie\/"},"author":{"name":"Ra\u00efssa Sidio","@id":"https:\/\/mention.com\/en\/#\/schema\/person\/aa1fb03201ab126536f0783cdeac0a9c"},"headline":"Le monitoring simplifi\u00e9. Interview du product manager.","datePublished":"2023-08-21T13:23:21+00:00","dateModified":"2023-08-21T13:23:47+00:00","mainEntityOfPage":{"@id":"https:\/\/mention.com\/fr\/blog\/monitoring-simplifie\/"},"wordCount":1067,"publisher":{"@id":"https:\/\/mention.com\/en\/#organization"},"image":{"@id":"https:\/\/mention.com\/fr\/blog\/monitoring-simplifie\/#primaryimage"},"thumbnailUrl":"https:\/\/mention.com\/wp-content\/uploads\/2022\/01\/Header.jpg","articleSection":["Actualit\u00e9s de Mention"],"inLanguage":"fr"},{"@type":"WebPage","@id":"https:\/\/mention.com\/fr\/blog\/monitoring-simplifie\/","url":"https:\/\/mention.com\/fr\/blog\/monitoring-simplifie\/","name":"Le monitoring simplifi\u00e9. Interview du product manager. | Mention","isPartOf":{"@id":"https:\/\/mention.com\/en\/#website"},"primaryImageOfPage":{"@id":"https:\/\/mention.com\/fr\/blog\/monitoring-simplifie\/#primaryimage"},"image":{"@id":"https:\/\/mention.com\/fr\/blog\/monitoring-simplifie\/#primaryimage"},"thumbnailUrl":"https:\/\/mention.com\/wp-content\/uploads\/2022\/01\/Header.jpg","datePublished":"2023-08-21T13:23:21+00:00","dateModified":"2023-08-21T13:23:47+00:00","description":"D\u00e9couvrez notre interview avec Nicolas, Product Manager, pour d\u00e9couvrir notre syst\u00e8me avanc\u00e9 d'alerte con\u00e7u pour simplifier votre processus de monitoring.","breadcrumb":{"@id":"https:\/\/mention.com\/fr\/blog\/monitoring-simplifie\/#breadcrumb"},"inLanguage":"fr","potentialAction":[{"@type":"ReadAction","target":["https:\/\/mention.com\/fr\/blog\/monitoring-simplifie\/"]}]},{"@type":"ImageObject","inLanguage":"fr","@id":"https:\/\/mention.com\/fr\/blog\/monitoring-simplifie\/#primaryimage","url":"https:\/\/mention.com\/wp-content\/uploads\/2022\/01\/Header.jpg","contentUrl":"https:\/\/mention.com\/wp-content\/uploads\/2022\/01\/Header.jpg","width":700,"height":467,"caption":"Introducing Mention Dashboard: Your Analytics Hub"},{"@type":"BreadcrumbList","@id":"https:\/\/mention.com\/fr\/blog\/monitoring-simplifie\/#breadcrumb","itemListElement":[{"@type":"ListItem","position":1,"name":"Home","item":"https:\/\/mention.com\/fr\/"},{"@type":"ListItem","position":2,"name":"Actualit\u00e9s de Mention","item":"https:\/\/mention.com\/fr\/blog\/category\/actualites\/"},{"@type":"ListItem","position":3,"name":"Le monitoring simplifi\u00e9. Interview du product manager."}]},{"@type":"WebSite","@id":"https:\/\/mention.com\/en\/#website","url":"https:\/\/mention.com\/en\/","name":"Mention","description":"Veille en ligne","publisher":{"@id":"https:\/\/mention.com\/en\/#organization"},"potentialAction":[{"@type":"SearchAction","target":{"@type":"EntryPoint","urlTemplate":"https:\/\/mention.com\/en\/?s={search_term_string}"},"query-input":{"@type":"PropertyValueSpecification","valueRequired":true,"valueName":"search_term_string"}}],"inLanguage":"fr"},{"@type":"Organization","@id":"https:\/\/mention.com\/en\/#organization","name":"Mention","url":"https:\/\/mention.com\/en\/","logo":{"@type":"ImageObject","inLanguage":"fr","@id":"https:\/\/mention.com\/en\/#\/schema\/logo\/image\/","url":"https:\/\/mention.com\/wp-content\/uploads\/2019\/04\/mention-about.png","contentUrl":"https:\/\/mention.com\/wp-content\/uploads\/2019\/04\/mention-about.png","width":328,"height":76,"caption":"Mention"},"image":{"@id":"https:\/\/mention.com\/en\/#\/schema\/logo\/image\/"}},{"@type":"Person","@id":"https:\/\/mention.com\/en\/#\/schema\/person\/aa1fb03201ab126536f0783cdeac0a9c","name":"Ra\u00efssa Sidio","image":{"@type":"ImageObject","inLanguage":"fr","@id":"https:\/\/mention.com\/wp-content\/uploads\/2022\/12\/raissa-sidio-150x150.jpg","url":"https:\/\/mention.com\/wp-content\/uploads\/2022\/12\/raissa-sidio-150x150.jpg","contentUrl":"https:\/\/mention.com\/wp-content\/uploads\/2022\/12\/raissa-sidio-150x150.jpg","caption":"Ra\u00efssa Sidio"},"description":"Ra\u00efssa is a Product Marketing Manager at Mention, enabling her to combine her passion for marketing with her love of digital. When she's not exploring new ways to bring products to market, she enjoys indulging in her favorite treats like chocolate, travel, and asian food, as well as watching her favorite sports.","sameAs":["https:\/\/mention.com\/en\/"],"url":"https:\/\/mention.com\/fr\/blog\/author\/raissa\/"}]}},"_links":{"self":[{"href":"https:\/\/mention.com\/fr\/wp-json\/wp\/v2\/posts\/58795","targetHints":{"allow":["GET"]}}],"collection":[{"href":"https:\/\/mention.com\/fr\/wp-json\/wp\/v2\/posts"}],"about":[{"href":"https:\/\/mention.com\/fr\/wp-json\/wp\/v2\/types\/post"}],"author":[{"embeddable":true,"href":"https:\/\/mention.com\/fr\/wp-json\/wp\/v2\/users\/388"}],"replies":[{"embeddable":true,"href":"https:\/\/mention.com\/fr\/wp-json\/wp\/v2\/comments?post=58795"}],"version-history":[{"count":0,"href":"https:\/\/mention.com\/fr\/wp-json\/wp\/v2\/posts\/58795\/revisions"}],"wp:featuredmedia":[{"embeddable":true,"href":"https:\/\/mention.com\/fr\/wp-json\/wp\/v2\/media\/46555"}],"wp:attachment":[{"href":"https:\/\/mention.com\/fr\/wp-json\/wp\/v2\/media?parent=58795"}],"wp:term":[{"taxonomy":"category","embeddable":true,"href":"https:\/\/mention.com\/fr\/wp-json\/wp\/v2\/categories?post=58795"},{"taxonomy":"post_tag","embeddable":true,"href":"https:\/\/mention.com\/fr\/wp-json\/wp\/v2\/tags?post=58795"}],"curies":[{"name":"wp","href":"https:\/\/api.w.org\/{rel}","templated":true}]}}