{"id":64488,"date":"2023-10-25T15:13:42","date_gmt":"2023-10-25T15:13:42","guid":{"rendered":"https:\/\/mention.com\/?p=64488"},"modified":"2025-03-01T16:59:24","modified_gmt":"2025-03-01T16:59:24","slug":"signaletique-entreprise","status":"publish","type":"post","link":"https:\/\/mention.com\/fr\/blog\/signaletique-entreprise\/","title":{"rendered":"La signal\u00e9tique d\u2019entreprise \u00e0 l\u2019\u00e8re du digital"},"content":{"rendered":"\n<p>La signal\u00e9tique d\u2019entreprise conna\u00eet une transformation majeure gr\u00e2ce au marketing digital. Aujourd\u2019hui, les avanc\u00e9es technologiques permettent de combiner \u00e9l\u00e9ments physiques et num\u00e9riques pour offrir une exp\u00e9rience client enrichie et renforcer la notori\u00e9t\u00e9 de la marque. D\u00e9couvrez comment cette synergie peut r\u00e9volutionner votre strat\u00e9gie de communication visuelle.<\/p>\n\n\n\n<h2 class=\"wp-block-heading\">La signal\u00e9tique traditionnelle&nbsp;: un bon point de d\u00e9part<\/h2>\n\n\n\n<p>De base, la signal\u00e9tique a pour objectif de guider les clients, d\u2019attirer leur attention et de renforcer l\u2019identit\u00e9 d\u2019une marque. Qu\u2019il s\u2019agisse de panneaux, de totems ou d\u2019enseignes lumineuses, elle joue un r\u00f4le cl\u00e9 dans la visibilit\u00e9 d\u2019une entreprise. Toutefois, ces outils restent statiques et ne peuvent s\u2019adapter en temps r\u00e9el aux attentes fluctuantes des consommateurs.<\/p>\n\n\n\n<h2 class=\"wp-block-heading\">L\u2019apport du marketing digital&nbsp;: dynamiser la signal\u00e9tique<\/h2>\n\n\n\n<p>Avec le&nbsp;<a href=\"https:\/\/www.journaldunet.fr\/business\/dictionnaire-du-marketing\/1198319-marketing-digital-definition-metiers-salaires\/\">marketing digital<\/a>, la signal\u00e9tique devient dynamique et interactive. Des \u00e9crans LED aux bornes interactives, ces nouveaux supports permettent d\u2019afficher des contenus personnalis\u00e9s et actualis\u00e9s. Voici les principaux avantages qu\u2019offre cette int\u00e9gration&nbsp;:<\/p>\n\n\n\n<h3 class=\"wp-block-heading\">Contenu en temps r\u00e9el<\/h3>\n\n\n\n<p>Gr\u00e2ce aux \u00e9crans num\u00e9riques connect\u00e9s, il est possible de diffuser des promotions, des messages d\u2019accueil ou des informations contextuelles adapt\u00e9es \u00e0 l\u2019heure ou \u00e0 l\u2019affluence. Par exemple, une boutique peut afficher en direct les articles en promotion ou organiser un jeu-concours interactif.<\/p>\n\n\n\n<h3 class=\"wp-block-heading\">Personnalisation accrue<\/h3>\n\n\n\n<p>Les outils de marketing digital collectent et analysent les donn\u00e9es clients pour mieux comprendre leurs besoins. Ces informations permettent d\u2019afficher des messages cibl\u00e9s selon le profil de chaque visiteur. Une signal\u00e9tique intelligente peut ainsi reconna\u00eetre un client fid\u00e8le et lui proposer une offre personnalis\u00e9e.<\/p>\n\n\n\n<h3 class=\"wp-block-heading\">L\u2019int\u00e9gration omnicanale<\/h3>\n\n\n\n<p>La signal\u00e9tique digitale peut s\u2019inscrire dans une strat\u00e9gie omnicanale en dirigeant les clients vers un site web, une application ou les r\u00e9seaux sociaux de l\u2019entreprise via des QR codes ou des liens courts. Cela favorise l\u2019interaction entre les diff\u00e9rents points de contact et am\u00e9liore la coh\u00e9rence de la communication. Pour vous d\u00e9marquer \u00e0 travers une communication visuelle moderne,&nbsp;<a href=\"https:\/\/otypo.com\/signaletique\/\">cr\u00e9ez votre signal\u00e9tique sur otypo.com<\/a>.<\/p>\n\n\n\n<h2 class=\"wp-block-heading\">Renforcer la marque gr\u00e2ce \u00e0 une signal\u00e9tique connect\u00e9e<\/h2>\n\n\n\n<figure class=\"wp-block-image size-full\"><img decoding=\"async\" width=\"847\" height=\"565\" data-src=\"https:\/\/mention.com\/wp-content\/uploads\/2024\/11\/other.jpeg\" alt=\"\" class=\"wp-image-64493 lazyload\" data-srcset=\"https:\/\/mention.com\/wp-content\/uploads\/2024\/11\/other.jpeg 847w, https:\/\/mention.com\/wp-content\/uploads\/2024\/11\/other-300x200.jpeg 300w, https:\/\/mention.com\/wp-content\/uploads\/2024\/11\/other-768x512.jpeg 768w\" data-sizes=\"(max-width: 847px) 100vw, 847px\" src=\"data:image\/svg+xml;base64,PHN2ZyB3aWR0aD0iMSIgaGVpZ2h0PSIxIiB4bWxucz0iaHR0cDovL3d3dy53My5vcmcvMjAwMC9zdmciPjwvc3ZnPg==\" style=\"--smush-placeholder-width: 847px; --smush-placeholder-aspect-ratio: 847\/565;\" \/><figcaption class=\"wp-element-caption\">MOSCOW, RUSSIA &#8211; CIRCA NOV, 2015: Stand of Belarusian Metallurgical Company is on the Metal-Expo\u20192015, the 21st International Industrial Exhibition in the All-Russia Exhibition Center<\/figcaption><\/figure>\n\n\n\n<p><br>Une signal\u00e9tique bien pens\u00e9e, en lien avec une strat\u00e9gie digitale, peut transformer un simple outil informatif en un levier puissant de branding&nbsp;:<\/p>\n\n\n\n<ul class=\"wp-block-list\">\n<li>Cr\u00e9ation d\u2019une identit\u00e9 visuelle forte : les animations et vid\u00e9os diffus\u00e9es sur des \u00e9crans digitaux renforcent l\u2019image de marque en mettant en avant des \u00e9l\u00e9ments graphiques coh\u00e9rents avec l\u2019identit\u00e9 visuelle ;<\/li>\n\n\n\n<li>Renforcement de l\u2019engagement client : les bornes interactives permettent aux clients de laisser des avis ou de participer \u00e0 des campagnes ludiques, favorisant ainsi leur engagement ;<\/li>\n\n\n\n<li>Projection d\u2019une image moderne : adopter des solutions modernes projette une image d\u2019entreprise innovante et avant-gardiste, ce qui est particuli\u00e8rement attractif pour les jeunes g\u00e9n\u00e9rations.<\/li>\n<\/ul>\n\n\n\n<h2 class=\"wp-block-heading\">L\u2019exp\u00e9rience client&nbsp;: au c\u0153ur de la transformation<\/h2>\n\n\n\n<p>L\u2019int\u00e9gration du marketing digital dans la signal\u00e9tique vise avant tout \u00e0 am\u00e9liorer l\u2019exp\u00e9rience client. En facilitant l\u2019acc\u00e8s \u00e0 l\u2019information et en rendant les interactions plus fluides, les entreprises augmentent la satisfaction de leurs clients.<\/p>\n\n\n\n<p>Imaginez un centre commercial o\u00f9 chaque enseigne utilise des \u00e9crans pour guider les visiteurs, proposer des&nbsp;<a href=\"https:\/\/www.journaldunet.com\/management\/direction-generale\/1087968-le-nouveau-siege-ecolo-de-bnp-paribas-cardif-a-nanterre\/1087975-signaletique\">itin\u00e9raires personnalis\u00e9s<\/a>&nbsp;ou m\u00eame offrir des suggestions d\u2019achat bas\u00e9es sur les pr\u00e9f\u00e9rences.<\/p>\n\n\n\n<p>En somme, le marketing digital permet de dynamiser la signal\u00e9tique, de renforcer l\u2019identit\u00e9 de marque et d\u2019am\u00e9liorer l\u2019exp\u00e9rience client. Investir dans ces technologies innovantes est un pari gagnant pour se d\u00e9marquer dans un monde o\u00f9 l\u2019interactivit\u00e9 et la personnalisation deviennent incontournables.<\/p>\n","protected":false},"excerpt":{"rendered":"<p>La signal\u00e9tique d\u2019entreprise conna\u00eet une transformation majeure gr\u00e2ce au marketing digital. Aujourd\u2019hui, les avanc\u00e9es technologiques permettent de combiner \u00e9l\u00e9ments physiques et num\u00e9riques pour offrir une exp\u00e9rience client enrichie et renforcer la notori\u00e9t\u00e9 de la marque. D\u00e9couvrez comment cette synergie peut r\u00e9volutionner votre strat\u00e9gie de communication visuelle. La signal\u00e9tique traditionnelle&nbsp;: un bon point de d\u00e9part De &hellip; <a href=\"https:\/\/mention.com\/fr\/blog\/signaletique-entreprise\/\" class=\"more-link\">Continue reading <span class=\"screen-reader-text\">La signal\u00e9tique d\u2019entreprise \u00e0 l\u2019\u00e8re du digital<\/span><\/a><\/p>\n","protected":false},"author":20,"featured_media":64489,"comment_status":"closed","ping_status":"closed","sticky":false,"template":"","format":"standard","meta":{"_acf_changed":false,"inline_featured_image":false,"footnotes":""},"categories":[629],"tags":[],"class_list":["post-64488","post","type-post","status-publish","format-standard","has-post-thumbnail","hentry","category-marketing-digital"],"acf":[],"yoast_head":"<!-- This site is optimized with the Yoast SEO plugin v27.5 - https:\/\/yoast.com\/product\/yoast-seo-wordpress\/ -->\n<title>La signal\u00e9tique d\u2019entreprise \u00e0 l\u2019\u00e8re du digital | Mention<\/title>\n<meta name=\"robots\" content=\"index, follow, max-snippet:-1, max-image-preview:large, max-video-preview:-1\" \/>\n<link rel=\"canonical\" href=\"https:\/\/mention.com\/fr\/blog\/signaletique-entreprise\/\" \/>\n<meta property=\"og:locale\" content=\"fr_FR\" \/>\n<meta property=\"og:type\" content=\"article\" \/>\n<meta property=\"og:title\" content=\"La signal\u00e9tique d\u2019entreprise \u00e0 l\u2019\u00e8re du digital | Mention\" \/>\n<meta property=\"og:description\" content=\"La signal\u00e9tique d\u2019entreprise conna\u00eet une transformation majeure gr\u00e2ce au marketing digital. Aujourd\u2019hui, les avanc\u00e9es technologiques permettent de combiner \u00e9l\u00e9ments physiques et num\u00e9riques pour offrir une exp\u00e9rience client enrichie et renforcer la notori\u00e9t\u00e9 de la marque. D\u00e9couvrez comment cette synergie peut r\u00e9volutionner votre strat\u00e9gie de communication visuelle. La signal\u00e9tique traditionnelle&nbsp;: un bon point de d\u00e9part De &hellip; Continue reading La signal\u00e9tique d\u2019entreprise \u00e0 l\u2019\u00e8re du digital\" \/>\n<meta property=\"og:url\" content=\"https:\/\/mention.com\/fr\/blog\/signaletique-entreprise\/\" \/>\n<meta property=\"og:site_name\" content=\"Mention\" \/>\n<meta property=\"article:published_time\" content=\"2023-10-25T15:13:42+00:00\" \/>\n<meta property=\"article:modified_time\" content=\"2025-03-01T16:59:24+00:00\" \/>\n<meta property=\"og:image\" content=\"https:\/\/mention.com\/wp-content\/uploads\/2024\/11\/signaletique-entreprise.jpeg\" \/>\n\t<meta property=\"og:image:width\" content=\"848\" \/>\n\t<meta property=\"og:image:height\" content=\"565\" \/>\n\t<meta property=\"og:image:type\" content=\"image\/jpeg\" \/>\n<meta name=\"author\" content=\"Sandra Chung\" \/>\n<meta name=\"twitter:card\" content=\"summary_large_image\" \/>\n<meta name=\"twitter:label1\" content=\"Written by\" \/>\n\t<meta name=\"twitter:data1\" content=\"Sandra Chung\" \/>\n\t<meta name=\"twitter:label2\" content=\"Est. reading time\" \/>\n\t<meta name=\"twitter:data2\" content=\"3 minutes\" \/>\n<script type=\"application\/ld+json\" class=\"yoast-schema-graph\">{\"@context\":\"https:\\\/\\\/schema.org\",\"@graph\":[{\"@type\":\"Article\",\"@id\":\"https:\\\/\\\/mention.com\\\/fr\\\/blog\\\/signaletique-entreprise\\\/#article\",\"isPartOf\":{\"@id\":\"https:\\\/\\\/mention.com\\\/fr\\\/blog\\\/signaletique-entreprise\\\/\"},\"author\":{\"name\":\"Sandra Chung\",\"@id\":\"https:\\\/\\\/mention.com\\\/en\\\/#\\\/schema\\\/person\\\/eef1f3929fc66d7e9ab0c7f050cfd100\"},\"headline\":\"La signal\u00e9tique d\u2019entreprise \u00e0 l\u2019\u00e8re du digital\",\"datePublished\":\"2023-10-25T15:13:42+00:00\",\"dateModified\":\"2025-03-01T16:59:24+00:00\",\"mainEntityOfPage\":{\"@id\":\"https:\\\/\\\/mention.com\\\/fr\\\/blog\\\/signaletique-entreprise\\\/\"},\"wordCount\":671,\"publisher\":{\"@id\":\"https:\\\/\\\/mention.com\\\/en\\\/#organization\"},\"image\":{\"@id\":\"https:\\\/\\\/mention.com\\\/fr\\\/blog\\\/signaletique-entreprise\\\/#primaryimage\"},\"thumbnailUrl\":\"https:\\\/\\\/mention.com\\\/wp-content\\\/uploads\\\/2024\\\/11\\\/signaletique-entreprise.jpeg\",\"articleSection\":[\"Marketing Digital\"],\"inLanguage\":\"fr\"},{\"@type\":\"WebPage\",\"@id\":\"https:\\\/\\\/mention.com\\\/fr\\\/blog\\\/signaletique-entreprise\\\/\",\"url\":\"https:\\\/\\\/mention.com\\\/fr\\\/blog\\\/signaletique-entreprise\\\/\",\"name\":\"La signal\u00e9tique d\u2019entreprise \u00e0 l\u2019\u00e8re du digital | Mention\",\"isPartOf\":{\"@id\":\"https:\\\/\\\/mention.com\\\/en\\\/#website\"},\"primaryImageOfPage\":{\"@id\":\"https:\\\/\\\/mention.com\\\/fr\\\/blog\\\/signaletique-entreprise\\\/#primaryimage\"},\"image\":{\"@id\":\"https:\\\/\\\/mention.com\\\/fr\\\/blog\\\/signaletique-entreprise\\\/#primaryimage\"},\"thumbnailUrl\":\"https:\\\/\\\/mention.com\\\/wp-content\\\/uploads\\\/2024\\\/11\\\/signaletique-entreprise.jpeg\",\"datePublished\":\"2023-10-25T15:13:42+00:00\",\"dateModified\":\"2025-03-01T16:59:24+00:00\",\"breadcrumb\":{\"@id\":\"https:\\\/\\\/mention.com\\\/fr\\\/blog\\\/signaletique-entreprise\\\/#breadcrumb\"},\"inLanguage\":\"fr\",\"potentialAction\":[{\"@type\":\"ReadAction\",\"target\":[\"https:\\\/\\\/mention.com\\\/fr\\\/blog\\\/signaletique-entreprise\\\/\"]}]},{\"@type\":\"ImageObject\",\"inLanguage\":\"fr\",\"@id\":\"https:\\\/\\\/mention.com\\\/fr\\\/blog\\\/signaletique-entreprise\\\/#primaryimage\",\"url\":\"https:\\\/\\\/mention.com\\\/wp-content\\\/uploads\\\/2024\\\/11\\\/signaletique-entreprise.jpeg\",\"contentUrl\":\"https:\\\/\\\/mention.com\\\/wp-content\\\/uploads\\\/2024\\\/11\\\/signaletique-entreprise.jpeg\",\"width\":848,\"height\":565,\"caption\":\"CEO owner leader company staff member portrait, possibly finance, accountant, attorney, manager\"},{\"@type\":\"BreadcrumbList\",\"@id\":\"https:\\\/\\\/mention.com\\\/fr\\\/blog\\\/signaletique-entreprise\\\/#breadcrumb\",\"itemListElement\":[{\"@type\":\"ListItem\",\"position\":1,\"name\":\"Home\",\"item\":\"https:\\\/\\\/mention.com\\\/fr\\\/\"},{\"@type\":\"ListItem\",\"position\":2,\"name\":\"Marketing Digital\",\"item\":\"https:\\\/\\\/mention.com\\\/fr\\\/blog\\\/category\\\/marketing-digital\\\/\"},{\"@type\":\"ListItem\",\"position\":3,\"name\":\"La signal\u00e9tique d\u2019entreprise \u00e0 l\u2019\u00e8re du digital\"}]},{\"@type\":\"WebSite\",\"@id\":\"https:\\\/\\\/mention.com\\\/en\\\/#website\",\"url\":\"https:\\\/\\\/mention.com\\\/en\\\/\",\"name\":\"Mention\",\"description\":\"Veille en ligne\",\"publisher\":{\"@id\":\"https:\\\/\\\/mention.com\\\/en\\\/#organization\"},\"potentialAction\":[{\"@type\":\"SearchAction\",\"target\":{\"@type\":\"EntryPoint\",\"urlTemplate\":\"https:\\\/\\\/mention.com\\\/en\\\/?s={search_term_string}\"},\"query-input\":{\"@type\":\"PropertyValueSpecification\",\"valueRequired\":true,\"valueName\":\"search_term_string\"}}],\"inLanguage\":\"fr\"},{\"@type\":\"Organization\",\"@id\":\"https:\\\/\\\/mention.com\\\/en\\\/#organization\",\"name\":\"Mention\",\"url\":\"https:\\\/\\\/mention.com\\\/en\\\/\",\"logo\":{\"@type\":\"ImageObject\",\"inLanguage\":\"fr\",\"@id\":\"https:\\\/\\\/mention.com\\\/en\\\/#\\\/schema\\\/logo\\\/image\\\/\",\"url\":\"https:\\\/\\\/mention.com\\\/wp-content\\\/uploads\\\/2019\\\/04\\\/mention-about.png\",\"contentUrl\":\"https:\\\/\\\/mention.com\\\/wp-content\\\/uploads\\\/2019\\\/04\\\/mention-about.png\",\"width\":328,\"height\":76,\"caption\":\"Mention\"},\"image\":{\"@id\":\"https:\\\/\\\/mention.com\\\/en\\\/#\\\/schema\\\/logo\\\/image\\\/\"}},{\"@type\":\"Person\",\"@id\":\"https:\\\/\\\/mention.com\\\/en\\\/#\\\/schema\\\/person\\\/eef1f3929fc66d7e9ab0c7f050cfd100\",\"name\":\"Sandra Chung\",\"image\":{\"@type\":\"ImageObject\",\"inLanguage\":\"fr\",\"@id\":\"https:\\\/\\\/secure.gravatar.com\\\/avatar\\\/cb9b89e534046c14166a2b35ba6e0e84996d7c8f71b9ebfbb3f9a651fa7ae88d?s=96&d=mm&r=g\",\"url\":\"https:\\\/\\\/secure.gravatar.com\\\/avatar\\\/cb9b89e534046c14166a2b35ba6e0e84996d7c8f71b9ebfbb3f9a651fa7ae88d?s=96&d=mm&r=g\",\"contentUrl\":\"https:\\\/\\\/secure.gravatar.com\\\/avatar\\\/cb9b89e534046c14166a2b35ba6e0e84996d7c8f71b9ebfbb3f9a651fa7ae88d?s=96&d=mm&r=g\",\"caption\":\"Sandra Chung\"},\"description\":\"Sandra is the Head of Content and Partnerships at Mention. You can also find her writing on various marketing blogs such as Social Media Today, Hubspot, G2 Crowd, and more.\",\"url\":\"https:\\\/\\\/mention.com\\\/fr\\\/blog\\\/author\\\/sandra\\\/\"}]}<\/script>\n<!-- \/ Yoast SEO plugin. -->","yoast_head_json":{"title":"La signal\u00e9tique d\u2019entreprise \u00e0 l\u2019\u00e8re du digital | Mention","robots":{"index":"index","follow":"follow","max-snippet":"max-snippet:-1","max-image-preview":"max-image-preview:large","max-video-preview":"max-video-preview:-1"},"canonical":"https:\/\/mention.com\/fr\/blog\/signaletique-entreprise\/","og_locale":"fr_FR","og_type":"article","og_title":"La signal\u00e9tique d\u2019entreprise \u00e0 l\u2019\u00e8re du digital | Mention","og_description":"La signal\u00e9tique d\u2019entreprise conna\u00eet une transformation majeure gr\u00e2ce au marketing digital. Aujourd\u2019hui, les avanc\u00e9es technologiques permettent de combiner \u00e9l\u00e9ments physiques et num\u00e9riques pour offrir une exp\u00e9rience client enrichie et renforcer la notori\u00e9t\u00e9 de la marque. D\u00e9couvrez comment cette synergie peut r\u00e9volutionner votre strat\u00e9gie de communication visuelle. La signal\u00e9tique traditionnelle&nbsp;: un bon point de d\u00e9part De &hellip; Continue reading La signal\u00e9tique d\u2019entreprise \u00e0 l\u2019\u00e8re du digital","og_url":"https:\/\/mention.com\/fr\/blog\/signaletique-entreprise\/","og_site_name":"Mention","article_published_time":"2023-10-25T15:13:42+00:00","article_modified_time":"2025-03-01T16:59:24+00:00","og_image":[{"width":848,"height":565,"url":"https:\/\/mention.com\/wp-content\/uploads\/2024\/11\/signaletique-entreprise.jpeg","type":"image\/jpeg"}],"author":"Sandra Chung","twitter_card":"summary_large_image","twitter_misc":{"Written by":"Sandra Chung","Est. reading time":"3 minutes"},"schema":{"@context":"https:\/\/schema.org","@graph":[{"@type":"Article","@id":"https:\/\/mention.com\/fr\/blog\/signaletique-entreprise\/#article","isPartOf":{"@id":"https:\/\/mention.com\/fr\/blog\/signaletique-entreprise\/"},"author":{"name":"Sandra Chung","@id":"https:\/\/mention.com\/en\/#\/schema\/person\/eef1f3929fc66d7e9ab0c7f050cfd100"},"headline":"La signal\u00e9tique d\u2019entreprise \u00e0 l\u2019\u00e8re du digital","datePublished":"2023-10-25T15:13:42+00:00","dateModified":"2025-03-01T16:59:24+00:00","mainEntityOfPage":{"@id":"https:\/\/mention.com\/fr\/blog\/signaletique-entreprise\/"},"wordCount":671,"publisher":{"@id":"https:\/\/mention.com\/en\/#organization"},"image":{"@id":"https:\/\/mention.com\/fr\/blog\/signaletique-entreprise\/#primaryimage"},"thumbnailUrl":"https:\/\/mention.com\/wp-content\/uploads\/2024\/11\/signaletique-entreprise.jpeg","articleSection":["Marketing Digital"],"inLanguage":"fr"},{"@type":"WebPage","@id":"https:\/\/mention.com\/fr\/blog\/signaletique-entreprise\/","url":"https:\/\/mention.com\/fr\/blog\/signaletique-entreprise\/","name":"La signal\u00e9tique d\u2019entreprise \u00e0 l\u2019\u00e8re du digital | Mention","isPartOf":{"@id":"https:\/\/mention.com\/en\/#website"},"primaryImageOfPage":{"@id":"https:\/\/mention.com\/fr\/blog\/signaletique-entreprise\/#primaryimage"},"image":{"@id":"https:\/\/mention.com\/fr\/blog\/signaletique-entreprise\/#primaryimage"},"thumbnailUrl":"https:\/\/mention.com\/wp-content\/uploads\/2024\/11\/signaletique-entreprise.jpeg","datePublished":"2023-10-25T15:13:42+00:00","dateModified":"2025-03-01T16:59:24+00:00","breadcrumb":{"@id":"https:\/\/mention.com\/fr\/blog\/signaletique-entreprise\/#breadcrumb"},"inLanguage":"fr","potentialAction":[{"@type":"ReadAction","target":["https:\/\/mention.com\/fr\/blog\/signaletique-entreprise\/"]}]},{"@type":"ImageObject","inLanguage":"fr","@id":"https:\/\/mention.com\/fr\/blog\/signaletique-entreprise\/#primaryimage","url":"https:\/\/mention.com\/wp-content\/uploads\/2024\/11\/signaletique-entreprise.jpeg","contentUrl":"https:\/\/mention.com\/wp-content\/uploads\/2024\/11\/signaletique-entreprise.jpeg","width":848,"height":565,"caption":"CEO owner leader company staff member portrait, possibly finance, accountant, attorney, manager"},{"@type":"BreadcrumbList","@id":"https:\/\/mention.com\/fr\/blog\/signaletique-entreprise\/#breadcrumb","itemListElement":[{"@type":"ListItem","position":1,"name":"Home","item":"https:\/\/mention.com\/fr\/"},{"@type":"ListItem","position":2,"name":"Marketing Digital","item":"https:\/\/mention.com\/fr\/blog\/category\/marketing-digital\/"},{"@type":"ListItem","position":3,"name":"La signal\u00e9tique d\u2019entreprise \u00e0 l\u2019\u00e8re du digital"}]},{"@type":"WebSite","@id":"https:\/\/mention.com\/en\/#website","url":"https:\/\/mention.com\/en\/","name":"Mention","description":"Veille en ligne","publisher":{"@id":"https:\/\/mention.com\/en\/#organization"},"potentialAction":[{"@type":"SearchAction","target":{"@type":"EntryPoint","urlTemplate":"https:\/\/mention.com\/en\/?s={search_term_string}"},"query-input":{"@type":"PropertyValueSpecification","valueRequired":true,"valueName":"search_term_string"}}],"inLanguage":"fr"},{"@type":"Organization","@id":"https:\/\/mention.com\/en\/#organization","name":"Mention","url":"https:\/\/mention.com\/en\/","logo":{"@type":"ImageObject","inLanguage":"fr","@id":"https:\/\/mention.com\/en\/#\/schema\/logo\/image\/","url":"https:\/\/mention.com\/wp-content\/uploads\/2019\/04\/mention-about.png","contentUrl":"https:\/\/mention.com\/wp-content\/uploads\/2019\/04\/mention-about.png","width":328,"height":76,"caption":"Mention"},"image":{"@id":"https:\/\/mention.com\/en\/#\/schema\/logo\/image\/"}},{"@type":"Person","@id":"https:\/\/mention.com\/en\/#\/schema\/person\/eef1f3929fc66d7e9ab0c7f050cfd100","name":"Sandra Chung","image":{"@type":"ImageObject","inLanguage":"fr","@id":"https:\/\/secure.gravatar.com\/avatar\/cb9b89e534046c14166a2b35ba6e0e84996d7c8f71b9ebfbb3f9a651fa7ae88d?s=96&d=mm&r=g","url":"https:\/\/secure.gravatar.com\/avatar\/cb9b89e534046c14166a2b35ba6e0e84996d7c8f71b9ebfbb3f9a651fa7ae88d?s=96&d=mm&r=g","contentUrl":"https:\/\/secure.gravatar.com\/avatar\/cb9b89e534046c14166a2b35ba6e0e84996d7c8f71b9ebfbb3f9a651fa7ae88d?s=96&d=mm&r=g","caption":"Sandra Chung"},"description":"Sandra is the Head of Content and Partnerships at Mention. You can also find her writing on various marketing blogs such as Social Media Today, Hubspot, G2 Crowd, and more.","url":"https:\/\/mention.com\/fr\/blog\/author\/sandra\/"}]}},"_links":{"self":[{"href":"https:\/\/mention.com\/fr\/wp-json\/wp\/v2\/posts\/64488","targetHints":{"allow":["GET"]}}],"collection":[{"href":"https:\/\/mention.com\/fr\/wp-json\/wp\/v2\/posts"}],"about":[{"href":"https:\/\/mention.com\/fr\/wp-json\/wp\/v2\/types\/post"}],"author":[{"embeddable":true,"href":"https:\/\/mention.com\/fr\/wp-json\/wp\/v2\/users\/20"}],"replies":[{"embeddable":true,"href":"https:\/\/mention.com\/fr\/wp-json\/wp\/v2\/comments?post=64488"}],"version-history":[{"count":0,"href":"https:\/\/mention.com\/fr\/wp-json\/wp\/v2\/posts\/64488\/revisions"}],"wp:featuredmedia":[{"embeddable":true,"href":"https:\/\/mention.com\/fr\/wp-json\/wp\/v2\/media\/64489"}],"wp:attachment":[{"href":"https:\/\/mention.com\/fr\/wp-json\/wp\/v2\/media?parent=64488"}],"wp:term":[{"taxonomy":"category","embeddable":true,"href":"https:\/\/mention.com\/fr\/wp-json\/wp\/v2\/categories?post=64488"},{"taxonomy":"post_tag","embeddable":true,"href":"https:\/\/mention.com\/fr\/wp-json\/wp\/v2\/tags?post=64488"}],"curies":[{"name":"wp","href":"https:\/\/api.w.org\/{rel}","templated":true}]}}